{"id":22904,"date":"2015-10-01T08:22:40","date_gmt":"2015-10-01T06:22:40","guid":{"rendered":"http:\/\/www.invarena.cz\/?p=22904"},"modified":"2015-10-01T08:22:40","modified_gmt":"2015-10-01T06:22:40","slug":"s-epilepsii-lze-vest-plny-zivot-pripomina-den-epilepsie","status":"publish","type":"post","link":"https:\/\/www.invarena.cz\/?p=22904","title":{"rendered":"S epilepsi\u00ed lze v\u00e9st pln\u00fd \u017eivot, p\u0159ipom\u00edn\u00e1 den epilepsie"},"content":{"rendered":"<p><strong>N\u00e1rodn\u00ed den epilepsie, jen\u017e byl v\u010dera ve st\u0159edu, p\u0159ipom\u00edn\u00e1, \u017ee neurologick\u00e9 onemocn\u011bn\u00ed, kter\u00fdm trp\u00ed \u0161est milion\u016f Evropan\u016f, nemus\u00ed uzav\u00edrat cestu k plnohodnotn\u00e9mu \u017eivotu. Epileptici nar\u00e1\u017eej\u00ed kv\u016fli neznalosti a obav\u00e1m okol\u00ed sp\u00ed\u0161e na spole\u010densk\u00e1 omezen\u00ed ne\u017e na zdravotn\u00ed limity, sd\u011blila p\u0159edsedkyn\u011b Spole\u010dnosti &#8222;E&#8220; Alena \u010cervenkov\u00e1.<br \/>\n<\/strong><!--more--><\/p>\n<p>ilustra\u010dn\u00ed foto: murielle \/ stock.xchng<\/p>\n<p>    &#8222;C\u00edlem N\u00e1rodn\u00edho dne epilepsie je informovat \u0161irokou ve\u0159ejnost o nemoci, kter\u00e1 krom\u011b genetick\u00fdch dispozic m\u016f\u017ee postihnout z r\u016fzn\u00fdch d\u016fvod\u016f kohokoli z n\u00e1s. O epilepsii se st\u00e1le mezi ve\u0159ejnost\u00ed mnoho nev\u00ed, je ob\u00e1van\u00e1 a k lidem s t\u00edmto onemocn\u011bn\u00edm je p\u0159istupov\u00e1no se zna\u010dnou nejistotou,&#8220; uvedla.<br \/>\n    Informovanost o epilepsii postupn\u011b roste, ale pohled na nemoc se podle \u010cervenkov\u00e9 m\u011bn\u00ed jen pomalu. N\u011bkdy jsou tyto postoje spojen\u00e9 se snahou vy\u0159adit nemocn\u00e9 ze spole\u010dnosti. Pacient\u016fm to p\u0159in\u00e1\u0161\u00ed probl\u00e9my v oblasti soci\u00e1ln\u00ed, profesn\u00ed, \u0161koln\u00ed i v partnersk\u00fdch vztaz\u00edch.<br \/>\n    Spole\u010dnost &#8222;E&#8220; usiluje o \u0161\u00ed\u0159en\u00ed informac\u00ed, kter\u00e9 by podpo\u0159ily lidi s epilepsi\u00ed v jejich \u017eivot\u011b. Klient\u016fm poskytuje prostor k setk\u00e1v\u00e1n\u00ed i p\u0159\u00edle\u017eitost k aktivit\u00e1m, kter\u00e9 jim umo\u017e\u0148uj\u00ed sn\u00e1ze se za\u0159adit do ka\u017edodenn\u00edch aktivit. Sdru\u017een\u00ed provozuje soci\u00e1ln\u00ed podnik Aran\u017e\u00e9rie, kter\u00fd lidem s epilepsi\u00ed d\u00e1v\u00e1 mo\u017enost zam\u011bstn\u00e1n\u00ed v kolektivu, kde jsou p\u0159ij\u00edm\u00e1ni bez p\u0159edsudk\u016f.<br \/>\n    Epilepsie se projevuje r\u016fzn\u00fdmi typy z\u00e1chvat\u016f, nap\u0159\u00edklad nevn\u00edm\u00e1n\u00edm, brn\u011bn\u00edm, t\u0159esem, k\u0159e\u010demi \u010di bezv\u011bdom\u00edm. Epileptick\u00fdch z\u00e1chvat\u016f by se podle \u010cervenkov\u00e9 okol\u00ed nem\u011blo b\u00e1t, m\u011blo by se nau\u010dit z\u00e1klad\u016fm prvn\u00ed pomoci. Epilepsie m\u016f\u017ee b\u00fdt vrozen\u00e1, m\u016f\u017ee se ale objevit kdykoli b\u011bhem \u017eivota. Onemocn\u011bn\u00ed mozku m\u016f\u017ee vyvolat \u00faraz, stres, vy\u010derp\u00e1n\u00ed \u010di operace. L\u00e9\u010d\u00ed se antiepileptiky, dodr\u017eov\u00e1n\u00edm spr\u00e1vn\u00e9 \u017eivotospr\u00e1vy, p\u0159\u00edpadn\u011b operativn\u011b. <\/p>\n","protected":false},"excerpt":{"rendered":"<div class=\"mh-excerpt\"><p>N\u00e1rodn\u00ed den epilepsie, jen\u017e byl v\u010dera ve st\u0159edu, p\u0159ipom\u00edn\u00e1, \u017ee neurologick\u00e9 onemocn\u011bn\u00ed, kter\u00fdm trp\u00ed \u0161est milion\u016f Evropan\u016f, nemus\u00ed uzav\u00edrat cestu k plnohodnotn\u00e9mu \u017eivotu. Epileptici nar\u00e1\u017eej\u00ed <a class=\"mh-excerpt-more\" href=\"https:\/\/www.invarena.cz\/?p=22904\" title=\"S epilepsi\u00ed lze v\u00e9st pln\u00fd \u017eivot, p\u0159ipom\u00edn\u00e1 den epilepsie\">[&#8230;]<\/a><\/p>\n<\/div>","protected":false},"author":1,"featured_media":18738,"comment_status":"open","ping_status":"closed","sticky":false,"template":"","format":"standard","meta":{"footnotes":""},"categories":[11],"tags":[],"class_list":["post-22904","post","type-post","status-publish","format-standard","has-post-thumbnail","hentry","category-zdravi"],"_links":{"self":[{"href":"https:\/\/www.invarena.cz\/index.php?rest_route=\/wp\/v2\/posts\/22904","targetHints":{"allow":["GET"]}}],"collection":[{"href":"https:\/\/www.invarena.cz\/index.php?rest_route=\/wp\/v2\/posts"}],"about":[{"href":"https:\/\/www.invarena.cz\/index.php?rest_route=\/wp\/v2\/types\/post"}],"author":[{"embeddable":true,"href":"https:\/\/www.invarena.cz\/index.php?rest_route=\/wp\/v2\/users\/1"}],"replies":[{"embeddable":true,"href":"https:\/\/www.invarena.cz\/index.php?rest_route=%2Fwp%2Fv2%2Fcomments&post=22904"}],"version-history":[{"count":0,"href":"https:\/\/www.invarena.cz\/index.php?rest_route=\/wp\/v2\/posts\/22904\/revisions"}],"wp:featuredmedia":[{"embeddable":true,"href":"https:\/\/www.invarena.cz\/index.php?rest_route=\/wp\/v2\/media\/18738"}],"wp:attachment":[{"href":"https:\/\/www.invarena.cz\/index.php?rest_route=%2Fwp%2Fv2%2Fmedia&parent=22904"}],"wp:term":[{"taxonomy":"category","embeddable":true,"href":"https:\/\/www.invarena.cz\/index.php?rest_route=%2Fwp%2Fv2%2Fcategories&post=22904"},{"taxonomy":"post_tag","embeddable":true,"href":"https:\/\/www.invarena.cz\/index.php?rest_route=%2Fwp%2Fv2%2Ftags&post=22904"}],"curies":[{"name":"wp","href":"https:\/\/api.w.org\/{rel}","templated":true}]}}