{"id":22974,"date":"2015-10-07T08:15:58","date_gmt":"2015-10-07T06:15:58","guid":{"rendered":"http:\/\/www.invarena.cz\/?p=22974"},"modified":"2015-10-07T08:15:58","modified_gmt":"2015-10-07T06:15:58","slug":"byvaly-belgicky-kral-albert-ii-podstoupil-operaci-rakoviny-kuze","status":"publish","type":"post","link":"https:\/\/www.invarena.cz\/?p=22974","title":{"rendered":"B\u00fdval\u00fd belgick\u00fd kr\u00e1l Albert II. podstoupil operaci rakoviny k\u016f\u017ee"},"content":{"rendered":"<p><strong>B\u00fdval\u00fd belgick\u00fd kr\u00e1l Albert II. v pond\u011bl\u00ed podstoupil operaci v oblasti nosu kv\u016fli rakovin\u011b k\u016f\u017ee. Dnes o tom informoval kr\u00e1lovsk\u00fd pal\u00e1c.<\/strong><!--more--><\/p>\n<p>    Jedenaosmdes\u00e1tilet\u00fd Albert II. m\u011bl takzvan\u00fd bazaliom, co\u017e je nej\u010dast\u011bj\u0161\u00ed druh karcinomu k\u016f\u017ee. Z\u0159\u00eddkakdy metast\u00e1zuje nebo usmrcuje. B\u00fdval\u00fd kr\u00e1l byl kv\u016fli rakovin\u011b k\u016f\u017ee operov\u00e1n u\u017e v minulosti, nyn\u00ed mu z\u00e1krok v pln\u00e9 nark\u00f3ze provedli l\u00e9ka\u0159i z bruselsk\u00e9 univerzitn\u00ed kliniky.<br \/>\n    Albert II. odstoupil z belgick\u00e9ho tr\u016fnu v roce 2013 po bezm\u00e1la dvaceti letech vl\u00e1dy. Od t\u00e9 doby vede se svoj\u00ed man\u017eelkou Paolou poklidn\u00fd \u017eivot, napsala agentura DPA. Rozenou Italku tak\u00e9 tr\u00e1p\u00ed zdravotn\u00ed probl\u00e9my, podle informac\u00ed kr\u00e1lovsk\u00e9ho pal\u00e1ce z minul\u00e9ho m\u011bs\u00edce trp\u00ed na srde\u010dn\u00ed arytmii.<\/p>\n","protected":false},"excerpt":{"rendered":"<div class=\"mh-excerpt\"><p>B\u00fdval\u00fd belgick\u00fd kr\u00e1l Albert II. v pond\u011bl\u00ed podstoupil operaci v oblasti nosu kv\u016fli rakovin\u011b k\u016f\u017ee. Dnes o tom informoval kr\u00e1lovsk\u00fd pal\u00e1c.<\/p>\n<\/div>","protected":false},"author":1,"featured_media":0,"comment_status":"open","ping_status":"closed","sticky":false,"template":"","format":"standard","meta":{"footnotes":""},"categories":[9],"tags":[],"class_list":["post-22974","post","type-post","status-publish","format-standard","hentry","category-zpravy"],"_links":{"self":[{"href":"https:\/\/www.invarena.cz\/index.php?rest_route=\/wp\/v2\/posts\/22974","targetHints":{"allow":["GET"]}}],"collection":[{"href":"https:\/\/www.invarena.cz\/index.php?rest_route=\/wp\/v2\/posts"}],"about":[{"href":"https:\/\/www.invarena.cz\/index.php?rest_route=\/wp\/v2\/types\/post"}],"author":[{"embeddable":true,"href":"https:\/\/www.invarena.cz\/index.php?rest_route=\/wp\/v2\/users\/1"}],"replies":[{"embeddable":true,"href":"https:\/\/www.invarena.cz\/index.php?rest_route=%2Fwp%2Fv2%2Fcomments&post=22974"}],"version-history":[{"count":0,"href":"https:\/\/www.invarena.cz\/index.php?rest_route=\/wp\/v2\/posts\/22974\/revisions"}],"wp:attachment":[{"href":"https:\/\/www.invarena.cz\/index.php?rest_route=%2Fwp%2Fv2%2Fmedia&parent=22974"}],"wp:term":[{"taxonomy":"category","embeddable":true,"href":"https:\/\/www.invarena.cz\/index.php?rest_route=%2Fwp%2Fv2%2Fcategories&post=22974"},{"taxonomy":"post_tag","embeddable":true,"href":"https:\/\/www.invarena.cz\/index.php?rest_route=%2Fwp%2Fv2%2Ftags&post=22974"}],"curies":[{"name":"wp","href":"https:\/\/api.w.org\/{rel}","templated":true}]}}