{"id":22976,"date":"2015-10-07T13:47:48","date_gmt":"2015-10-07T11:47:48","guid":{"rendered":"http:\/\/www.invarena.cz\/?p=22976"},"modified":"2015-10-07T15:07:04","modified_gmt":"2015-10-07T13:07:04","slug":"uplatneni-lidi-se-zdravotnim-znevyhodnenim","status":"publish","type":"post","link":"https:\/\/www.invarena.cz\/?p=22976","title":{"rendered":"Jak zlep\u0161it uplatn\u011bn\u00ed lid\u00ed se zdravotn\u00edm znev\u00fdhodn\u011bn\u00edm"},"content":{"rendered":"<p><strong>Maj\u00ed soci\u00e1ln\u00ed nebo zdravotn\u00ed znev\u00fdhodn\u011bn\u00ed, kv\u016fli kter\u00e9mu nemohou roky sehnat pr\u00e1ci. O probl\u00e9mech t\u011bchto lid\u00ed diskutovali odborn\u00edci na konferenci v Karvin\u00e9. Se\u0161li se z\u00e1stupci st\u00e1tu, kraje, zdravotnictv\u00ed i soci\u00e1ln\u00edch slu\u017eeb. <\/strong><!--more--><\/p>\n<p>\u010cesk\u00e1 televize<\/p>\n<p>Spole\u010dn\u011b hledali \u0159e\u0161en\u00ed, jak zv\u00fd\u0161it zam\u011bstnanost u lid\u00ed s handicapem. Pr\u00e1v\u011b ti pat\u0159\u00ed v \u010cesku k nejpo\u010detn\u011bj\u0161\u00ed skupin\u011b mezi dlouhodob\u011b nezam\u011bstnan\u00fdmi.<\/p>\n<p>redaktorka:<br \/>\nTereza Kawulokov\u00e1 od narozen\u00ed prakticky nic nesly\u0161\u00ed. Jej\u00ed posti\u017een\u00ed ale na prvn\u00ed pohled nen\u00ed zn\u00e1t. O to slo\u017eit\u011bj\u0161\u00ed je pro ni komunikace s okol\u00edm.<\/p>\n<p>Tereza KAWULOKOV\u00c1, ekonom, Trianon:  Mumlaj\u00ed, mluv\u00ed potichu, j\u00e1 jim nerozum\u00edm, mus\u00edm je upozor\u0148ovat, aby se ke mn\u011b oto\u010dili.<\/p>\n<p>redaktorka:<br \/>\nPraktick\u00e1 hluchota, diagn\u00f3za, kter\u00e1 Tereze znemo\u017e\u0148ovala naj\u00edt pr\u00e1ci a to i p\u0159esto, \u017ee je vystudovan\u00e1 in\u017een\u00fdrka.<\/p>\n<p>Tereza KAWULOKOV\u00c1,: P\u0159edt\u00edm jsem pos\u00edlala r\u016fzn\u00e9 \u017eivotopisy, co j\u00e1 si pamatuji, tak mi nikdo asi neodpov\u011bd\u011bl.<\/p>\n<p>redaktorka:<br \/>\nJen v Moravskoslezsk\u00e9m kraji je na \u00fa\u0159adech pr\u00e1ce evidov\u00e1no t\u00e9m\u011b\u0159 9 tis\u00edc lid\u00ed se zdravotn\u00edm znev\u00fdhodn\u011bn\u00edm.<\/p>\n<p>Dalibor Z\u00c1VACK\u00dd, \u0159editel, \u00da\u0159ad pr\u00e1ce Karvin\u00e1:<br \/>\nTen po\u010det t\u011bchto lid\u00ed je p\u0159ibli\u017en\u011b stejn\u00fd, i kdy\u017e n\u00e1m kles\u00e1 po\u010det uchaze\u010d\u016f o zam\u011bstn\u00e1n\u00ed, proto\u017ee se jim da\u0159\u00ed umis\u0165ovat na voln\u00e1 pracovn\u00ed m\u00edsta.<\/p>\n<p>redaktorka:<br \/>\nTo, jak vytvo\u0159it pracovn\u00ed m\u00edsta pro lidi, jako je nap\u0159\u00edklad Tereza, \u0159e\u0161\u00ed konference Bez bari\u00e9r bez hranic. Podle odborn\u00edka Viliama \u0160unala tady chyb\u00ed vz\u00e1jemn\u00e1 komunikace.<\/p>\n<p>Viliam \u0160UNAL, p\u0159edseda, Trianon Karvin\u00e1:<br \/>\nI kdy\u017e z\u00e1kon o zam\u011bstnanosti \u0159e\u0161\u00ed podporu zam\u011bstn\u00e1n\u00ed, tak p\u0159ece jen vn\u00edm\u00e1me, \u017ee v na\u0161em regionu m\u00e1 t\u011b\u017ek\u00fd pr\u016fmysl ur\u010dit\u00e9 limity pro zam\u011bstnance.<\/p>\n<p>redaktorka:<br \/>\nJen v Moravskoslezsk\u00e9m kraji je 28 soci\u00e1ln\u00edch podnik\u016f, kter\u00e9 zam\u011bstn\u00e1vaj\u00ed p\u0159es 500 lid\u00ed se zdravotn\u00edm znev\u00fdhodn\u011bn\u00edm. Nejv\u00edce jich je na Brunt\u00e1lsku, Osobla\u017esku a Karvinsku.<\/p>\n<p>Viliam \u0160UNAL,<br \/>\nZam\u011bstn\u00e1v\u00e1me lidi, kte\u0159\u00ed se daj\u00ed charakterizovat charakterem na\u0161eho regionu. To znamen\u00e1 lidi z OKD, b\u00fdval\u00fdch zam\u011bstnanc\u016f. Lid\u00ed z hutnick\u00fdch z\u00e1vod\u016f, T\u0159ineck\u00e9 \u017eelez\u00e1rny.<\/p>\n<p>redaktorka:<br \/>\nJako Libor Kresla. V OKD pracoval t\u00e9m\u011b\u0159 15 let. Po v\u00e1\u017en\u00e9m \u00farazu, kdy mu st\u011bna kombajnu zavalila nohu, se do pr\u00e1ce u\u017e nevr\u00e1til. Nov\u00e9 zam\u011bstn\u00e1n\u00ed hledal 14 let.<\/p>\n<p>Libor KRESLA, zam\u011bstnanec, Trianon:<br \/>\nTo jsem byl v 8 firm\u00e1ch a jako, \u017ee jsem m\u011bl takov\u00fd t\u011b\u017ek\u00fd \u00faraz, tak to mi to &#8230;, nemohl jsem jako nastoupit.<\/p>\n<p>redaktorka:<br \/>\nPomoci lidem s handicapem orientovat se v nab\u00eddce pr\u00e1ce by m\u011bli koordin\u00e1to\u0159i, kte\u0159\u00ed jsou nov\u011b na ka\u017ed\u00e9m \u00fa\u0159adu pr\u00e1ce. Zajistit by m\u011bli komunikaci s nezam\u011bstnan\u00fdmi a se zam\u011bstnavateli. Nad\u011bj\u00ed je tak\u00e9 digitalizace a robotizace hutn\u00edch a stroj\u00edrensk\u00fdch firem. Tak\u00e9 tady by se mohly uplatnit des\u00edtky lid\u00ed s posti\u017een\u00edm. <\/p>\n<p>\u010cesk\u00e1 televize<\/p>\n","protected":false},"excerpt":{"rendered":"<div class=\"mh-excerpt\"><p>Maj\u00ed soci\u00e1ln\u00ed nebo zdravotn\u00ed znev\u00fdhodn\u011bn\u00ed, kv\u016fli kter\u00e9mu nemohou roky sehnat pr\u00e1ci. O probl\u00e9mech t\u011bchto lid\u00ed diskutovali odborn\u00edci na konferenci v Karvin\u00e9. Se\u0161li se z\u00e1stupci st\u00e1tu, <a class=\"mh-excerpt-more\" href=\"https:\/\/www.invarena.cz\/?p=22976\" title=\"Jak zlep\u0161it uplatn\u011bn\u00ed lid\u00ed se zdravotn\u00edm znev\u00fdhodn\u011bn\u00edm\">[&#8230;]<\/a><\/p>\n<\/div>","protected":false},"author":1,"featured_media":13766,"comment_status":"open","ping_status":"closed","sticky":false,"template":"","format":"standard","meta":{"footnotes":""},"categories":[7],"tags":[],"class_list":["post-22976","post","type-post","status-publish","format-standard","has-post-thumbnail","hentry","category-spolecnost"],"_links":{"self":[{"href":"https:\/\/www.invarena.cz\/index.php?rest_route=\/wp\/v2\/posts\/22976","targetHints":{"allow":["GET"]}}],"collection":[{"href":"https:\/\/www.invarena.cz\/index.php?rest_route=\/wp\/v2\/posts"}],"about":[{"href":"https:\/\/www.invarena.cz\/index.php?rest_route=\/wp\/v2\/types\/post"}],"author":[{"embeddable":true,"href":"https:\/\/www.invarena.cz\/index.php?rest_route=\/wp\/v2\/users\/1"}],"replies":[{"embeddable":true,"href":"https:\/\/www.invarena.cz\/index.php?rest_route=%2Fwp%2Fv2%2Fcomments&post=22976"}],"version-history":[{"count":0,"href":"https:\/\/www.invarena.cz\/index.php?rest_route=\/wp\/v2\/posts\/22976\/revisions"}],"wp:featuredmedia":[{"embeddable":true,"href":"https:\/\/www.invarena.cz\/index.php?rest_route=\/wp\/v2\/media\/13766"}],"wp:attachment":[{"href":"https:\/\/www.invarena.cz\/index.php?rest_route=%2Fwp%2Fv2%2Fmedia&parent=22976"}],"wp:term":[{"taxonomy":"category","embeddable":true,"href":"https:\/\/www.invarena.cz\/index.php?rest_route=%2Fwp%2Fv2%2Fcategories&post=22976"},{"taxonomy":"post_tag","embeddable":true,"href":"https:\/\/www.invarena.cz\/index.php?rest_route=%2Fwp%2Fv2%2Ftags&post=22976"}],"curies":[{"name":"wp","href":"https:\/\/api.w.org\/{rel}","templated":true}]}}