{"id":22977,"date":"2015-10-07T07:51:55","date_gmt":"2015-10-07T05:51:55","guid":{"rendered":"http:\/\/www.invarena.cz\/?p=22977"},"modified":"2015-10-07T09:52:09","modified_gmt":"2015-10-07T07:52:09","slug":"na-pesi-zone-na-prazskem-andelu-zacala-polivkova-smrst","status":"publish","type":"post","link":"https:\/\/www.invarena.cz\/?p=22977","title":{"rendered":"Na p\u011b\u0161\u00ed z\u00f3n\u011b na pra\u017esk\u00e9m And\u011blu za\u010dala &#8222;Pol\u00edvkov\u00e1 smr\u0161\u0165&#8220;"},"content":{"rendered":"<p><strong>Na p\u011b\u0161\u00ed z\u00f3n\u011b na pra\u017esk\u00e9m And\u011blu za\u010dala &#8222;Pol\u00edvkov\u00e1 smr\u0161\u0165&#8220;. Charitativn\u00ed akce se prodejem pol\u00e9vek sna\u017e\u00ed z\u00edskat pen\u00edze na podporu rehabilita\u010dn\u00edch program\u016f pro lidi posti\u017een\u00e9 c\u00e9vn\u00ed mozkovou p\u0159\u00edhodou.<\/strong><!--more--><\/p>\n<p>ilustra\u010dn\u00ed foto: Flickr.com<\/p>\n<p> Podle terapeutky Olgy Pek\u00e1rkov\u00e9 je t\u0159eba lidem na l\u00e9\u010den\u00ed p\u0159isp\u00edvat.<\/p>\n<p>Olga PEK\u00c1RKOV\u00c1, terapeutka:<br \/>\nV t\u011bchto p\u0159\u00edpadech se sna\u017e\u00edme vlastn\u011b v r\u00e1mci pol\u00edvkov\u00e9 smr\u0161ti d\u011blat takov\u00e9 jakoby osobn\u00ed granty, \u017ee kter\u00fdch dodotov\u00e1v\u00e1me tuto \u010d\u00e1stku, aby vlastn\u011b ten denn\u00ed stacion\u00e1\u0159, nebo aby ta rehabilitace, kterou poskytujeme, opravdu byla jakoby dostupn\u00e1 ka\u017ed\u00e9mu, kdo ji pot\u0159ebuje.<\/p>\n<p>Pol\u00e9vky od pond\u011bl\u00ed 5.10. a\u017e do p\u00e1tku p\u0159ipravuj\u00ed tak\u00e9 nejlep\u0161\u00ed \u010de\u0161t\u00ed \u0161\u00e9fkucha\u0159i, t\u0159eba Roman Paulus anebo Ond\u0159ej Slanina. <\/p>\n<p>Radio\u017eurn\u00e1l<\/p>\n","protected":false},"excerpt":{"rendered":"<div class=\"mh-excerpt\"><p>Na p\u011b\u0161\u00ed z\u00f3n\u011b na pra\u017esk\u00e9m And\u011blu za\u010dala &#8222;Pol\u00edvkov\u00e1 smr\u0161\u0165&#8220;. Charitativn\u00ed akce se prodejem pol\u00e9vek sna\u017e\u00ed z\u00edskat pen\u00edze na podporu rehabilita\u010dn\u00edch program\u016f pro lidi posti\u017een\u00e9 c\u00e9vn\u00ed <a class=\"mh-excerpt-more\" href=\"https:\/\/www.invarena.cz\/?p=22977\" title=\"Na p\u011b\u0161\u00ed z\u00f3n\u011b na pra\u017esk\u00e9m And\u011blu za\u010dala &#8222;Pol\u00edvkov\u00e1 smr\u0161\u0165&#8220;\">[&#8230;]<\/a><\/p>\n<\/div>","protected":false},"author":1,"featured_media":14875,"comment_status":"open","ping_status":"closed","sticky":false,"template":"","format":"standard","meta":{"footnotes":""},"categories":[7],"tags":[],"class_list":["post-22977","post","type-post","status-publish","format-standard","has-post-thumbnail","hentry","category-spolecnost"],"_links":{"self":[{"href":"https:\/\/www.invarena.cz\/index.php?rest_route=\/wp\/v2\/posts\/22977","targetHints":{"allow":["GET"]}}],"collection":[{"href":"https:\/\/www.invarena.cz\/index.php?rest_route=\/wp\/v2\/posts"}],"about":[{"href":"https:\/\/www.invarena.cz\/index.php?rest_route=\/wp\/v2\/types\/post"}],"author":[{"embeddable":true,"href":"https:\/\/www.invarena.cz\/index.php?rest_route=\/wp\/v2\/users\/1"}],"replies":[{"embeddable":true,"href":"https:\/\/www.invarena.cz\/index.php?rest_route=%2Fwp%2Fv2%2Fcomments&post=22977"}],"version-history":[{"count":0,"href":"https:\/\/www.invarena.cz\/index.php?rest_route=\/wp\/v2\/posts\/22977\/revisions"}],"wp:featuredmedia":[{"embeddable":true,"href":"https:\/\/www.invarena.cz\/index.php?rest_route=\/wp\/v2\/media\/14875"}],"wp:attachment":[{"href":"https:\/\/www.invarena.cz\/index.php?rest_route=%2Fwp%2Fv2%2Fmedia&parent=22977"}],"wp:term":[{"taxonomy":"category","embeddable":true,"href":"https:\/\/www.invarena.cz\/index.php?rest_route=%2Fwp%2Fv2%2Fcategories&post=22977"},{"taxonomy":"post_tag","embeddable":true,"href":"https:\/\/www.invarena.cz\/index.php?rest_route=%2Fwp%2Fv2%2Ftags&post=22977"}],"curies":[{"name":"wp","href":"https:\/\/api.w.org\/{rel}","templated":true}]}}