{"id":23015,"date":"2015-10-09T10:39:22","date_gmt":"2015-10-09T08:39:22","guid":{"rendered":"http:\/\/www.invarena.cz\/?p=23015"},"modified":"2015-10-09T10:39:33","modified_gmt":"2015-10-09T08:39:33","slug":"nemocnice-jicin-nemusi-platit-300-000-synovi-zemreleho-pacienta","status":"publish","type":"post","link":"https:\/\/www.invarena.cz\/?p=23015","title":{"rendered":"Nemocnice Ji\u010d\u00edn nemus\u00ed platit 300.000 synovi zem\u0159el\u00e9ho pacienta"},"content":{"rendered":"<p><strong>Ji\u010d\u00ednsk\u00e1 nemocnice nemus\u00ed zaplatit 300.000 korun synovi mu\u017ee, kter\u00fd zem\u0159el v nemocnici v roce 2010.<\/strong><!--more--><\/p>\n<p> O tom rozhodl Krajsk\u00fd soud v Hradci Kr\u00e1lov\u00e9, kter\u00fd zam\u00edtl \u017ealobu, ve kter\u00e9 mu\u017e po\u017eadoval n\u00e1hradu nemajetkov\u00e9 \u00fajmy, je\u017e mu \u00fadajn\u011b vznikla t\u00edm, \u017ee ho nemocnice neinformovala o smrti otce a neopr\u00e1vn\u011bn\u011b vydala v\u011bci zem\u0159el\u00e9ho ciz\u00edmu \u010dlov\u011bku.<br \/>\n    Podle soudce Jana Fifky nemocnice nem\u011bla povinnost informovat \u017ealobce o \u00famrt\u00ed jeho otce. &#8222;Nebylo zji\u0161t\u011bno, \u017ee by nemocnice v\u011bd\u011bla o existenci syna \u017ealobce, z proveden\u00fdch d\u016fkaz\u016f vypl\u00fdv\u00e1, \u017ee vztahy mezi nimi byly naru\u0161en\u00e9 a otec na syna nem\u011bl ani \u017e\u00e1dn\u00fd kontakt a ani ho neuvedl jako kontaktn\u00ed osobu,&#8220; \u0159ekl p\u0159i zd\u016fvodn\u011bn\u00ed rozhodnut\u00ed soudce Jan Fifka, podle kter\u00e9ho je mo\u017en\u00e9 p\u0159ipustit pochyben\u00ed nemocnice p\u0159i vyd\u00e1n\u00ed v\u011bci. &#8222;Jedn\u00e1n\u00ed \u017ealovan\u00e9 (strany) ale nen\u00ed z\u00e1sahem do osobnosti \u017ealobce,&#8220; \u0159ekl Fifka. Soud \u017ealobci ulo\u017eil tak\u00e9 n\u00e1hradu n\u00e1klad\u016f \u0159\u00edzen\u00ed, jejich v\u00fd\u0161i uvede v p\u00edsemn\u00e9m zd\u016fvodn\u011bn\u00ed rozhodnut\u00ed.<br \/>\n    Pr\u00e1vn\u00ed z\u00e1stupkyn\u011b nemocnice dnes v z\u00e1v\u011bre\u010dn\u00e9m n\u00e1vrhu \u0159ekla, \u017ee nemocnice s \u017ealobou nesouhlas\u00ed, proto\u017ee ve zdravotnick\u00e9 dokumentaci byl uveden\u00fd ze\u0165 zem\u0159el\u00e9ho jako jedin\u00e1 kontaktn\u00ed osoba. \u017dalobce se dne\u0161n\u00edho jedn\u00e1n\u00ed nez\u00fa\u010dastnil.<br \/>\n    P\u0159ed soudem dopoledne vypov\u00eddal ze\u0165 zem\u0159el\u00e9ho, kter\u00fd potvrdil, \u017ee se zem\u0159el\u00fd se synem nest\u00fdkal kv\u016fli spor\u016fm o d\u011bdictv\u00ed. Potvrdil tak\u00e9, \u017ee byl uveden\u00fd jako kontaktn\u00ed osoba a nemocnice ho informovala o mu\u017eov\u011b smrti. &#8222;Po smrti jsme cht\u011bli \u017ealobce o \u00famrt\u00ed jeho otce informovat, ale nem\u011bli jsme na n\u011bj \u017e\u00e1dn\u00fd kontakt ani adresu,&#8220; \u0159ekl sv\u011bdek, kter\u00fd za\u0159izoval tak\u00e9 poh\u0159eb zem\u0159el\u00e9ho.<br \/>\n    Ze\u0165 zem\u0159el\u00e9ho tak\u00e9 potvrdil, \u017ee ho kontaktovala nemocnice, aby mu p\u0159edala v\u011bci po zem\u0159el\u00e9m, nap\u0159\u00edklad kl\u00ed\u010de od domu, hodinky \u010di pen\u011b\u017eenku. &#8222;Potom mi zavolala ji\u010d\u00ednsk\u00e1 nemocnice, \u017ee si syn zem\u0159el\u00e9ho st\u011b\u017eoval, \u017ee mi ty v\u011bci nem\u011bli p\u0159edat, tak jsem jim je vr\u00e1til,&#8220; \u0159ekl sv\u011bdek. Kv\u016fli neskon\u010den\u00e9mu d\u011bdick\u00e9mu \u0159\u00edzen\u00ed jsou v\u011bci zem\u0159el\u00e9ho ulo\u017een\u00e9 st\u00e1le v nemocnici.<\/p>\n","protected":false},"excerpt":{"rendered":"<div class=\"mh-excerpt\"><p>Ji\u010d\u00ednsk\u00e1 nemocnice nemus\u00ed zaplatit 300.000 korun synovi mu\u017ee, kter\u00fd zem\u0159el v nemocnici v roce 2010.<\/p>\n<\/div>","protected":false},"author":1,"featured_media":19893,"comment_status":"open","ping_status":"closed","sticky":false,"template":"","format":"standard","meta":{"footnotes":""},"categories":[1],"tags":[],"class_list":["post-23015","post","type-post","status-publish","format-standard","has-post-thumbnail","hentry","category-nezarazene"],"_links":{"self":[{"href":"https:\/\/www.invarena.cz\/index.php?rest_route=\/wp\/v2\/posts\/23015","targetHints":{"allow":["GET"]}}],"collection":[{"href":"https:\/\/www.invarena.cz\/index.php?rest_route=\/wp\/v2\/posts"}],"about":[{"href":"https:\/\/www.invarena.cz\/index.php?rest_route=\/wp\/v2\/types\/post"}],"author":[{"embeddable":true,"href":"https:\/\/www.invarena.cz\/index.php?rest_route=\/wp\/v2\/users\/1"}],"replies":[{"embeddable":true,"href":"https:\/\/www.invarena.cz\/index.php?rest_route=%2Fwp%2Fv2%2Fcomments&post=23015"}],"version-history":[{"count":0,"href":"https:\/\/www.invarena.cz\/index.php?rest_route=\/wp\/v2\/posts\/23015\/revisions"}],"wp:featuredmedia":[{"embeddable":true,"href":"https:\/\/www.invarena.cz\/index.php?rest_route=\/wp\/v2\/media\/19893"}],"wp:attachment":[{"href":"https:\/\/www.invarena.cz\/index.php?rest_route=%2Fwp%2Fv2%2Fmedia&parent=23015"}],"wp:term":[{"taxonomy":"category","embeddable":true,"href":"https:\/\/www.invarena.cz\/index.php?rest_route=%2Fwp%2Fv2%2Fcategories&post=23015"},{"taxonomy":"post_tag","embeddable":true,"href":"https:\/\/www.invarena.cz\/index.php?rest_route=%2Fwp%2Fv2%2Ftags&post=23015"}],"curies":[{"name":"wp","href":"https:\/\/api.w.org\/{rel}","templated":true}]}}