{"id":23018,"date":"2015-10-09T14:25:09","date_gmt":"2015-10-09T12:25:09","guid":{"rendered":"http:\/\/www.invarena.cz\/?p=23018"},"modified":"2015-10-09T14:25:09","modified_gmt":"2015-10-09T12:25:09","slug":"beneficni-koncert-pomuze-nejen-lukaskovi-vytezek-pujde-na-zajisteni-asistencni-pece","status":"publish","type":"post","link":"https:\/\/www.invarena.cz\/?p=23018","title":{"rendered":"Benefi\u010dn\u00ed koncert pom\u016f\u017ee nejen Luk\u00e1\u0161kovi. V\u00fdt\u011b\u017eek p\u016fjde na zaji\u0161t\u011bn\u00ed asisten\u010dn\u00ed p\u00e9\u010de"},"content":{"rendered":"<p><strong>Luk\u00e1\u0161, Marie, Na\u010fa, Lucie a Marek. T\u011bchto p\u011bt lid\u00ed se state\u010dn\u011b pere s nep\u0159\u00edzn\u00ed osudu. Aby to nem\u011bli v \u017eivot\u011b a\u017e tak t\u011b\u017ek\u00e9, rozhodla se jim Mark\u00e9ta B\u00e1\u0165ov\u00e1 z Jihlavy spole\u010dn\u011b se sv\u00fdmi p\u0159\u00e1teli pomoci. Na sobotu 7. listopadu chystaj\u00ed benefi\u010dn\u00ed koncert, kter\u00fd pom\u016f\u017ee nejen Luk\u00e1\u0161kovi.<\/strong><!--more--><\/p>\n<p>Jihlava \u2013 &#8222;Luk\u00e1\u0161ek je mal\u00fd \u010dty\u0159let\u00fd chlapec, kter\u00fd trp\u00ed autismem. V\u00fdt\u011b\u017eek tedy p\u016fjde Luk\u00e1\u0161kovi a jeho rodi\u010d\u016fm, aby m\u011bli prost\u0159edky pro zaji\u0161t\u011bn\u00ed asisten\u010dn\u00ed p\u00e9\u010de,&#8220; vysv\u011btlila organiz\u00e1torka koncertu Mark\u00e9ta B\u00e1\u0165ov\u00e1. A proto\u017ee rodi\u010de Luk\u00e1\u0161ka necht\u011bj\u00ed v\u0161echny vybran\u00e9 pen\u00edze jenom pro sebe a cht\u011bj\u00ed se je\u0161t\u011b pod\u011blit, tak byli vybr\u00e1ni dal\u0161\u00ed \u010dty\u0159i lid\u00e9.<\/p>\n<p>&#8222;Mezi n\u011b pat\u0159\u00ed Maru\u0161ka, kter\u00e9 byla diagnostikov\u00e1na t\u011b\u017ek\u00e1 mozkov\u00e1 mrtvice, Na\u010fa s Downov\u00fdm syndromem, Lucie s t\u011b\u017ekou hypotoni\u00ed a Mare\u010dek se syndromem fragiln\u00edho x chromozomu,&#8220; uvedla k dal\u0161\u00edm lidem, ke kter\u00fdm poputuje pomoc. V\u0161ichni jsou z Vyso\u010diny a jsou u\u017eivatel\u00e9 ob\u010dansk\u00e9ho sdru\u017een\u00ed \u017divot 90.<\/p>\n<p>Vybran\u00e9 pen\u00edze pomohou zajistit posti\u017een\u00fdm lidem asisten\u010dn\u00ed p\u00e9\u010di, bez kter\u00e9 se neobejdou. Na koncert\u011b vystoup\u00ed Mark\u00e9ta B\u00e1\u0165ov\u00e1 s V\u00ed\u0165ou Schrekem, kapely \u010card\u00e1\u0161 klaun\u016f, Letymimoa d\u00fdd\u017eejov\u00e9 Mejla a Ji\u0159an. Akce se uskute\u010dn\u00ed v Soul music clubu v Jihlav\u011b od p\u016fl osm\u00e9 ve\u010der. Vstupn\u00e9 na akci je 100 korun.<\/p>\n<p>\u010cty\u0159l\u00edstky v prodeji<\/p>\n<p>\u00da\u010dast na koncert\u011b je ov\u0161em pouze jedn\u00edm ze zp\u016fsob\u016f, jak mohou lid\u00e9 pomoci. Na akci se pod\u00edl\u00ed tak\u00e9 jihlavsk\u00e9 Dobrotety, kter\u00e9 vyrobily \u010dty\u0159l\u00edstky. Ty si lid\u00e9 mohou koupit na vybran\u00fdch m\u00edstech za 25 korun. K sehn\u00e1n\u00ed jsou v Jihlav\u011b v baru Mikulka, Chilli Cafe &#8211; baru, v obchode Celiak Vyso\u010dina na jihlavsk\u00fdch B\u0159ezink\u00e1ch nebo v obchod\u011b se sm\u00ed\u0161en\u00fdm zbo\u017e\u00edm v Brtnici. D\u00e1le nap\u0159\u00edklad ve vlasov\u00e9m studiu ve \u017d\u010f\u00e1\u0159e nad S\u00e1zavou. \u010cty\u0159l\u00edstky jsou k sehn\u00e1n\u00ed do 30. listopadu, prod\u00e1vat se budou tak\u00e9 b\u011bhem koncertu. Dal\u0161\u00edm zp\u016fsobem, jak je mo\u017en\u00e9 vybran\u00fdm lidem p\u0159isp\u011bt, je zaslat p\u0159\u00edsp\u011bvek na \u00fa\u010det ve\u0159ejn\u00e9 sb\u00edrky: 4200580845\/6800.<\/p>\n<p>Jihlavsk\u00fd den\u00edk<br \/>\n<a href=\"http:\/\/www.jihlavsky.denik.cz\/\">http:\/\/www.jihlavsky.denik.cz\/<\/a><\/p>\n","protected":false},"excerpt":{"rendered":"<div class=\"mh-excerpt\"><p>Luk\u00e1\u0161, Marie, Na\u010fa, Lucie a Marek. T\u011bchto p\u011bt lid\u00ed se state\u010dn\u011b pere s nep\u0159\u00edzn\u00ed osudu. Aby to nem\u011bli v \u017eivot\u011b a\u017e tak t\u011b\u017ek\u00e9, rozhodla se <a class=\"mh-excerpt-more\" href=\"https:\/\/www.invarena.cz\/?p=23018\" title=\"Benefi\u010dn\u00ed koncert pom\u016f\u017ee nejen Luk\u00e1\u0161kovi. V\u00fdt\u011b\u017eek p\u016fjde na zaji\u0161t\u011bn\u00ed asisten\u010dn\u00ed p\u00e9\u010de\">[&#8230;]<\/a><\/p>\n<\/div>","protected":false},"author":1,"featured_media":19889,"comment_status":"open","ping_status":"closed","sticky":false,"template":"","format":"standard","meta":{"footnotes":""},"categories":[9],"tags":[],"class_list":["post-23018","post","type-post","status-publish","format-standard","has-post-thumbnail","hentry","category-zpravy"],"_links":{"self":[{"href":"https:\/\/www.invarena.cz\/index.php?rest_route=\/wp\/v2\/posts\/23018","targetHints":{"allow":["GET"]}}],"collection":[{"href":"https:\/\/www.invarena.cz\/index.php?rest_route=\/wp\/v2\/posts"}],"about":[{"href":"https:\/\/www.invarena.cz\/index.php?rest_route=\/wp\/v2\/types\/post"}],"author":[{"embeddable":true,"href":"https:\/\/www.invarena.cz\/index.php?rest_route=\/wp\/v2\/users\/1"}],"replies":[{"embeddable":true,"href":"https:\/\/www.invarena.cz\/index.php?rest_route=%2Fwp%2Fv2%2Fcomments&post=23018"}],"version-history":[{"count":0,"href":"https:\/\/www.invarena.cz\/index.php?rest_route=\/wp\/v2\/posts\/23018\/revisions"}],"wp:featuredmedia":[{"embeddable":true,"href":"https:\/\/www.invarena.cz\/index.php?rest_route=\/wp\/v2\/media\/19889"}],"wp:attachment":[{"href":"https:\/\/www.invarena.cz\/index.php?rest_route=%2Fwp%2Fv2%2Fmedia&parent=23018"}],"wp:term":[{"taxonomy":"category","embeddable":true,"href":"https:\/\/www.invarena.cz\/index.php?rest_route=%2Fwp%2Fv2%2Fcategories&post=23018"},{"taxonomy":"post_tag","embeddable":true,"href":"https:\/\/www.invarena.cz\/index.php?rest_route=%2Fwp%2Fv2%2Ftags&post=23018"}],"curies":[{"name":"wp","href":"https:\/\/api.w.org\/{rel}","templated":true}]}}