{"id":23022,"date":"2015-10-09T14:46:55","date_gmt":"2015-10-09T12:46:55","guid":{"rendered":"http:\/\/www.invarena.cz\/?p=23022"},"modified":"2015-10-09T15:51:05","modified_gmt":"2015-10-09T13:51:05","slug":"i-handicapovani-se-mohou-nyni-vydat-do-muzea-kuriozit-a-rekordu","status":"publish","type":"post","link":"https:\/\/www.invarena.cz\/?p=23022","title":{"rendered":"I handicapovan\u00ed se mohou nyn\u00ed vydat do Muzea kuriozit a rekord\u016f"},"content":{"rendered":"<p><strong>Jedn\u00edm z nejv\u00edce zastoupen\u00fdch tv\u016frc\u016f v Muzeu kuriozit a rekord\u016f v Pelh\u0159imov\u011b je Vrchlab\u00e1k Tom\u00e1\u0161 Korda. Tv\u016fce unik\u00e1tn\u00edch p\u0159edm\u011bt\u016f ze z\u00e1palek ji\u017e sice bohu\u017eel nen\u00ed mezi n\u00e1mi, ale zanechal za sebou d\u00edlka, kter\u00e1 sjt\u00e1le obdivuj\u00ed milovn\u00edci kuri\u00f3zn\u00edch neobvyklost\u00ed.<\/strong> <!--more--><\/p>\n<p>Pelh\u0159imov\/Vrchlab\u00ed \u2013 A proto\u017ee lid\u00e9 z Agentura Dobr\u00fd den mysl\u00ed i na handicapovan\u00e9, p\u0159ich\u00e1z\u00ed se speci\u00e1ln\u00ed nab\u00eddkou.<\/p>\n<p>Expozice Zlat\u00e9 \u010desk\u00e9 ru\u010di\u010dky Pelh\u0159imov pat\u0159\u00ed k atraktivn\u00edm turistick\u00fdm c\u00edl\u016fm, kter\u00e9 jsou bez probl\u00e9m\u016f dostupn\u00e9 i voz\u00ed\u010dk\u00e1\u0159\u016fm. Jej\u00ed bezbari\u00e9rovost je zaji\u0161t\u011bna prostorn\u00fdm v\u00fdtahem, kter\u00fd bez probl\u00e9m\u016f vyveze do jednotliv\u00fdch pater i n\u00e1v\u0161t\u011bvn\u00edka na elektrick\u00e9m voz\u00edku.<\/p>\n<p>&#8222;Z\u00e1klad expozice tvo\u0159\u00ed unik\u00e1tn\u00ed kolekce, kterou vytvo\u0159il pr\u00e1v\u011b vrchlabsk\u00fd autor Tom\u00e1\u0161 Korda. Obsahuje v\u00edce ne\u017e 90 objekt\u016f vyroben\u00fdch ze z\u00e1palek a z\u00e1palkov\u00fdch hlavi\u010dek, jej\u00ed sou\u010d\u00e1st\u00ed jsou funk\u010dn\u00ed hudebn\u00ed n\u00e1stroje, v\u00e1zy a obrazy, ale najdete zde i nejmen\u0161\u00ed zlatou klec v \u010cR, \u010dty\u0159metrov\u00e9ho ply\u0161ov\u00e9ho medv\u011bda, nejmen\u0161\u00ed \u010deskou p\u00e1lenici, funk\u010dn\u00ed mramorov\u00e9 housli\u010dky a mnoho dal\u0161\u00edch neobvykl\u00fdch v\u00fdtvor\u016f,&#8220; popsal nab\u00eddku Josef Van\u011bk a dodal, \u017ee k expozici Zlat\u00e9 \u010desk\u00e9 ru\u010di\u010dky n\u00e1le\u017e\u00ed zahrada, na n\u00ed\u017e se krom\u011b ob\u0159\u00edho kuchy\u0148sk\u00e9ho n\u00e1dob\u00ed (pol\u00e9vkov\u00fd hrnec o objemu 2 300 litr\u016f, dvoumetrov\u00fd trycht\u00fd\u0159, dvoumetrov\u00e1 \u010dajov\u00e1 konvice, &#8230;) nach\u00e1zej\u00ed i sochy vy\u0159ez\u00e1van\u00e9 motorovou pilou a lavi\u010dky pro odpo\u010dinek.<\/p>\n<p>&#8222;Na sv\u00e9 si u n\u00e1s p\u0159ijdou i nevidom\u00ed n\u00e1v\u0161t\u011bvn\u00edci. Mohou sami po hmatu obdivovat rozm\u011bry a tvary venkovn\u00edch expon\u00e1t\u016f, nebo (po p\u0159edchoz\u00edm nahl\u00e1\u0161en\u00ed, nejl\u00e9pe alespo\u0148 3 dny p\u0159edem) vyu\u017e\u00edt ochotn\u00e9ho p\u0159\u00edstupu pracovn\u00edk\u016f muzea, kte\u0159\u00ed poskytnou v\u00fdklad a zp\u0159\u00edstupn\u00ed v\u00edce expon\u00e1t\u016f, b\u011b\u017en\u011b uzav\u0159en\u00fdch ve vitr\u00edn\u00e1ch,&#8220; upozornil Josef Van\u011bk. N\u00e1v\u0161t\u011bvn\u00edci mohou t\u00e9\u017e poslouchat zvukov\u00e9 tabule s \u00fadaji o rekordmansk\u00e9m d\u011bn\u00ed. I pro nesly\u0161\u00edc\u00ed maj\u00ed v muzeu dobrou zpr\u00e1vu. &#8222;Pokud si p\u0159ivezou tlumo\u010dn\u00edka do znakov\u00e9 \u0159e\u010di, pr\u016fvodce p\u0159izp\u016fsob\u00ed rychlost v\u00fdkladu. Lid\u00e9 tak dostanou dost \u010dasu se v klidu rozhl\u00e9dnout a p\u0159\u00edpadn\u011b se optat na nejr\u016fzn\u011bj\u0161\u00ed drobnosti, kter\u00e9 je zaujmou,&#8220; dodal Van\u011bk. Nevidom\u00ed a nesly\u0161\u00edc\u00ed mohou zav\u00edtat i do druh\u00e9 expozice \u2013 Muzea rekord\u016f a kuriozit, s\u00eddl\u00edc\u00ed v historick\u00e9 Doln\u00ed br\u00e1n\u011b na pelh\u0159imovsk\u00e9m n\u00e1m\u011bst\u00ed. V p\u011bti patrech kamenn\u00e9 v\u011b\u017ee naleznou nejmen\u0161\u00ed \u010desk\u00fd motocykl, nejv\u011bt\u0161\u00ed pivn\u00ed t\u00e1cek, \u010dokol\u00e1dov\u00fd z\u00e1mek a stovky dal\u0161\u00edch expon\u00e1t\u016f. Otev\u0159eno je denn\u011b od 9 do 17 hodin.<\/p>\n<p>JANA MUDROV\u00c1<br \/>\nKrkono\u0161sk\u00fd den\u00edk<br \/>\n<a href=\"http:\/\/krkonossky.denik.cz\/\">http:\/\/krkonossky.denik.cz\/<\/a><\/p>\n","protected":false},"excerpt":{"rendered":"<div class=\"mh-excerpt\"><p>Jedn\u00edm z nejv\u00edce zastoupen\u00fdch tv\u016frc\u016f v Muzeu kuriozit a rekord\u016f v Pelh\u0159imov\u011b je Vrchlab\u00e1k Tom\u00e1\u0161 Korda. Tv\u016fce unik\u00e1tn\u00edch p\u0159edm\u011bt\u016f ze z\u00e1palek ji\u017e sice bohu\u017eel nen\u00ed <a class=\"mh-excerpt-more\" href=\"https:\/\/www.invarena.cz\/?p=23022\" title=\"I handicapovan\u00ed se mohou nyn\u00ed vydat do Muzea kuriozit a rekord\u016f\">[&#8230;]<\/a><\/p>\n<\/div>","protected":false},"author":1,"featured_media":0,"comment_status":"open","ping_status":"closed","sticky":false,"template":"","format":"standard","meta":{"footnotes":""},"categories":[9],"tags":[],"class_list":["post-23022","post","type-post","status-publish","format-standard","hentry","category-zpravy"],"_links":{"self":[{"href":"https:\/\/www.invarena.cz\/index.php?rest_route=\/wp\/v2\/posts\/23022","targetHints":{"allow":["GET"]}}],"collection":[{"href":"https:\/\/www.invarena.cz\/index.php?rest_route=\/wp\/v2\/posts"}],"about":[{"href":"https:\/\/www.invarena.cz\/index.php?rest_route=\/wp\/v2\/types\/post"}],"author":[{"embeddable":true,"href":"https:\/\/www.invarena.cz\/index.php?rest_route=\/wp\/v2\/users\/1"}],"replies":[{"embeddable":true,"href":"https:\/\/www.invarena.cz\/index.php?rest_route=%2Fwp%2Fv2%2Fcomments&post=23022"}],"version-history":[{"count":0,"href":"https:\/\/www.invarena.cz\/index.php?rest_route=\/wp\/v2\/posts\/23022\/revisions"}],"wp:attachment":[{"href":"https:\/\/www.invarena.cz\/index.php?rest_route=%2Fwp%2Fv2%2Fmedia&parent=23022"}],"wp:term":[{"taxonomy":"category","embeddable":true,"href":"https:\/\/www.invarena.cz\/index.php?rest_route=%2Fwp%2Fv2%2Fcategories&post=23022"},{"taxonomy":"post_tag","embeddable":true,"href":"https:\/\/www.invarena.cz\/index.php?rest_route=%2Fwp%2Fv2%2Ftags&post=23022"}],"curies":[{"name":"wp","href":"https:\/\/api.w.org\/{rel}","templated":true}]}}