{"id":23023,"date":"2015-10-09T20:09:10","date_gmt":"2015-10-09T18:09:10","guid":{"rendered":"http:\/\/www.invarena.cz\/?p=23023"},"modified":"2015-10-09T21:11:35","modified_gmt":"2015-10-09T19:11:35","slug":"absolutni-temno-zaziji-navstevnici-kavarny-ve-tme-v-hranicich","status":"publish","type":"post","link":"https:\/\/www.invarena.cz\/?p=23023","title":{"rendered":"Absolutn\u00ed temno za\u017eij\u00ed n\u00e1v\u0161t\u011bvn\u00edci Kav\u00e1rny ve tm\u011b v Hranic\u00edch"},"content":{"rendered":"<p><strong>O nezapomenuteln\u00e9m z\u00e1\u017eitku budou mo\u017en\u00e1 mluvit n\u00e1v\u0161t\u011bvn\u00edci Kav\u00e1rny ve tm\u011b, do kter\u00e9 budou moct zav\u00edtat koncem listopadu tak\u00e9 lid\u00e9 v Hranic\u00edch. <\/strong><!--more--><\/p>\n<p>ilustra\u010dn\u00ed foto: ElvertBarnes \/ Flickr.com <\/p>\n<p>Neziskov\u00e1 organizace Tom Help se inspirovala projektem Sv\u011btlu\u0161ka, kter\u00e1 jako prvn\u00ed p\u0159i\u0161la s my\u0161lenkou nab\u00eddnout lidem mo\u017enost ocitnout se v kav\u00e1rn\u011b tak, jako by byli nevidom\u00ed.<br \/>\nPo\u0159adatele Tom\u00e1\u0161e Plesn\u00edka tato my\u0161lenka po n\u00e1v\u0161t\u011bv\u011b kav\u00e1rny \u00fapln\u011b nadchla. &#8222;\u0158ekl jsem si, \u017ee tu kav\u00e1rnu mus\u00edm dostat do Hranic. Oslovil jsem tedy Vojt\u011bcha Kuli\u010dku, kter\u00fd n\u00e1m poskytl mal\u00fd salonek v restauraci Nostalgie. Ten je pom\u011brn\u011b zatemn\u011bn\u00fd. Budeme m\u00edt zap\u016fj\u010denou divadeln\u00ed oponu a jsem p\u0159esv\u011bd\u010den\u00fd, \u017ee d\u00edky tomu doc\u00edl\u00edme absolutn\u00ed tmy,&#8220; popisuje Tom\u00e1\u0161 Plesn\u00edk. Mimo Vojt\u011bcha Kuli\u010dky budou Tom\u00e1\u0161ovi pom\u00e1hat samotn\u00ed nevidom\u00ed, kte\u0159\u00ed se chop\u00ed jak n\u00e1v\u0161t\u011bvn\u00edk\u016f, tak obsluhy. &#8222;P\u016fjde o Davida Smetanu, kter\u00fd je \u010dlenem na\u0161\u00ed organizace, plus dv\u011b nevidom\u00e9 sle\u010dny z Brna a p\u0159ipoj\u00ed se tak\u00e9 u\u010ditelka ze z\u00e1kladn\u00ed um\u011bleck\u00e9 \u0161koly Jana H\u00e1nov\u00e1,&#8220; vyjmenov\u00e1v\u00e1. N\u00e1v\u0161t\u011bvn\u00edci se tak na nevid\u011bnou mohou t\u011b\u0161it od \u010dtvrtka 26. do ned\u011ble 29. listopadu pravd\u011bpodobn\u011b od t\u0159\u00ed do sedmi hodin, mo\u017en\u00e1 od dvou do osmi hodin. M\u00edsto pen\u011bz budou m\u00edt organiz\u00e1to\u0159i pro n\u00e1v\u0161t\u011bvn\u00edky p\u0159ipraven\u00e9 karti\u010dky. &#8222;Platit bankovkami nebo mincemi u\u017e by byl opravdu zmatek. Proto odevzdaj\u00ed obsluze karti\u010dku, a kdy\u017e vyjdou na sv\u011btlo, zaplat\u00ed v\u0161e a\u017e u baru,&#8220; dod\u00e1v\u00e1.<br \/>\n&#8222;V\u0161ichni se m\u016f\u017eou t\u011b\u0161it p\u0159edev\u0161\u00edm na velmi siln\u00fd z\u00e1\u017eitek. M\u00e1 zku\u0161enost je takov\u00e1, \u017ee na sv\u011btle se sna\u017e\u00edm b\u00fdt Davidov\u00fdm pr\u016fvodcem a v Kav\u00e1rn\u011b ve tm\u011b se na\u0161e role \u00fapln\u011b vym\u011bn\u00ed. Bylo to velmi komick\u00e9 a on se mi stra\u0161n\u011b sm\u00e1l. Byl jsem \u00fapln\u011b v pasti,&#8220; sm\u011bje se Tom\u00e1\u0161.<br \/>\nN\u00e1v\u0161t\u011bva kav\u00e1rny bude prob\u00edhat pomoc\u00ed hmatu, kdy se \u00fa\u010dastn\u00edci chyt\u00ed za rameno nevidom\u00e9ho, kter\u00fd je dovede ke stolu a pot\u00e9 obslou\u017e\u00ed. &#8222;\u010clov\u011bk v takov\u00e9 tm\u011b nem\u016f\u017ee naj\u00edt ani hrnek. J\u00e1 nap\u0159\u00edklad byl naprosto p\u0159esv\u011bd\u010den\u00fd,\u017eejsem nic nevylil, kontroloval jsem to, ale nakonec m\u00ed p\u0159\u00e1tel\u00e9 zjistili, \u017ee jsem byl jedin\u00fd, kdo m\u00e1 pod hrnkem mokro,&#8220; vzpom\u00edn\u00e1 s t\u00edm, \u017ee mu tato zku\u0161enost p\u0159inesla spoustu komick\u00fdch z\u00e1\u017eitk\u016f.<br \/>\nPo t\u00e9to n\u00e1v\u0161t\u011bv\u011b pak Tom\u00e1\u0161 Plesn\u00edk pochopil jist\u00e9 pohyby kamar\u00e1da Davida. &#8222;Kdy\u017e vid\u00edm, jak David r\u016fzn\u011b h\u00fdb\u00e1 hlavou, p\u0159em\u00fd\u0161l\u00edm, pro\u010d takov\u00e9 pohyby d\u011bl\u00e1 a jak\u00e9 to m\u00e1 opodstatn\u011bn\u00ed. A\u017e jsem za\u017eil tu nevidomost, teprve pot\u00e9 jsem to pochopil. S\u00e1m jsem to d\u011blal a je\u0161t\u011b t\u0159ikr\u00e1t tolik,&#8220; popisuje d\u00e1l.<br \/>\nA tak pr\u00e1v\u011b v norm\u00e1ln\u00edm \u017eivot\u011b handicapovan\u00ed nevidom\u00ed budou v Kav\u00e1rn\u011b ve tm\u011b ti, kte\u0159\u00ed budou v\u0161emu po \u010dty\u0159i dny vl\u00e1dnout a bez nich\u017e by byl \u010dlov\u011bk ztracen\u00fd v prostoru a \u010dase. &#8222;J\u00e1 se t\u011b\u0161\u00edm moc. Nem\u016f\u017ee se st\u00e1t nic hor\u0161\u00edho ne\u017e to, \u017ee se vytvo\u0159\u00ed velk\u00e1 fronta p\u0159ed kav\u00e1rnou. B\u011bhem dvou dn\u016f u\u017e na Facebooku p\u0159isl\u00edbilo \u00fa\u010dast sedmdes\u00e1t lid\u00ed,&#8220; uv\u00e1d\u00ed Tom\u00e1\u0161 Plesn\u00edk.<br \/>\nNap\u0159\u00edklad Michaela Porcalov\u00e1 se Kav\u00e1rny ve tm\u011b nem\u016f\u017ee do\u010dkat. &#8222;Je\u0161t\u011b nikdy jsem se n\u011b\u010deho takov\u00e9ho nez\u00fa\u010dastnila a moc se na to t\u011b\u0161\u00edm. Jako mal\u00e1 jsem hr\u00e1vala na slepou b\u00e1bu,ale up\u0159\u00edmn\u011b se boj\u00edm, \u017ee toho hodn\u011b rozbiju,&#8220; sm\u011bje se mlad\u00e1 \u017eena. &#8222;Vezmu s sebou sv\u00e9 p\u0159\u00e1tele, kte\u0159\u00ed tuto my\u0161lenku tak\u00e9 r\u00e1di podpo\u0159\u00ed,&#8220; uzav\u00edr\u00e1 se sm\u00edchem Michaela. <\/p>\n<p>N\u00e1v\u0161t\u011bva kav\u00e1rny bude prob\u00edhat pomoc\u00ed hmatu, kdy se \u00fa\u010dastn\u00edci chyt\u00ed za rameno nevidom\u00e9ho, kter\u00fd je dovede ke stolu a pot\u00e9 obslou\u017e\u00ed.<\/p>\n<p>BARBORA JEST\u0158EBSK\u00c1<br \/>\nHranick\u00fd t\u00fdden<\/p>\n","protected":false},"excerpt":{"rendered":"<div class=\"mh-excerpt\"><p>O nezapomenuteln\u00e9m z\u00e1\u017eitku budou mo\u017en\u00e1 mluvit n\u00e1v\u0161t\u011bvn\u00edci Kav\u00e1rny ve tm\u011b, do kter\u00e9 budou moct zav\u00edtat koncem listopadu tak\u00e9 lid\u00e9 v Hranic\u00edch.<\/p>\n<\/div>","protected":false},"author":1,"featured_media":14494,"comment_status":"open","ping_status":"closed","sticky":false,"template":"","format":"standard","meta":{"footnotes":""},"categories":[7],"tags":[],"class_list":["post-23023","post","type-post","status-publish","format-standard","has-post-thumbnail","hentry","category-spolecnost"],"_links":{"self":[{"href":"https:\/\/www.invarena.cz\/index.php?rest_route=\/wp\/v2\/posts\/23023","targetHints":{"allow":["GET"]}}],"collection":[{"href":"https:\/\/www.invarena.cz\/index.php?rest_route=\/wp\/v2\/posts"}],"about":[{"href":"https:\/\/www.invarena.cz\/index.php?rest_route=\/wp\/v2\/types\/post"}],"author":[{"embeddable":true,"href":"https:\/\/www.invarena.cz\/index.php?rest_route=\/wp\/v2\/users\/1"}],"replies":[{"embeddable":true,"href":"https:\/\/www.invarena.cz\/index.php?rest_route=%2Fwp%2Fv2%2Fcomments&post=23023"}],"version-history":[{"count":0,"href":"https:\/\/www.invarena.cz\/index.php?rest_route=\/wp\/v2\/posts\/23023\/revisions"}],"wp:featuredmedia":[{"embeddable":true,"href":"https:\/\/www.invarena.cz\/index.php?rest_route=\/wp\/v2\/media\/14494"}],"wp:attachment":[{"href":"https:\/\/www.invarena.cz\/index.php?rest_route=%2Fwp%2Fv2%2Fmedia&parent=23023"}],"wp:term":[{"taxonomy":"category","embeddable":true,"href":"https:\/\/www.invarena.cz\/index.php?rest_route=%2Fwp%2Fv2%2Fcategories&post=23023"},{"taxonomy":"post_tag","embeddable":true,"href":"https:\/\/www.invarena.cz\/index.php?rest_route=%2Fwp%2Fv2%2Ftags&post=23023"}],"curies":[{"name":"wp","href":"https:\/\/api.w.org\/{rel}","templated":true}]}}