{"id":23024,"date":"2015-10-09T21:08:06","date_gmt":"2015-10-09T19:08:06","guid":{"rendered":"http:\/\/www.invarena.cz\/?p=23024"},"modified":"2015-10-11T08:32:57","modified_gmt":"2015-10-11T06:32:57","slug":"chtel-bych-praci-na-plny-uvazek-rika-neslysici-muz-hranicky-tyden","status":"publish","type":"post","link":"https:\/\/www.invarena.cz\/?p=23024","title":{"rendered":"Cht\u011bl bych pr\u00e1ci na pln\u00fd \u00favazek, \u0159\u00edk\u00e1 nesly\u0161\u00edc\u00ed mu\u017e"},"content":{"rendered":"<p><strong>Ve v\u011bt\u0161in\u011b hranick\u00fdch firem nejsou p\u0159ipraveni zam\u011bstnat handicapovan\u00e9 osoby <\/strong><!--more--><\/p>\n<p>ilustra\u010dn\u00ed foto: Photoxpress<\/p>\n<p>Hranice \u2013 \u017de lid\u00e9 se zdravotn\u00edm posti\u017een\u00edm maj\u00ed \u017eivot o n\u011bco t\u011b\u017e\u0161\u00ed, je asi ka\u017ed\u00e9mu jasn\u00e9. M\u00e1lokdo ale u\u017e v\u00ed, jak moc se musej\u00ed sna\u017eit, aby z\u00edskali pr\u00e1ci. V Hranic\u00edch, p\u0159edev\u0161\u00edm v CTParku, kter\u00fd je v\u00fdznamn\u00fdm zam\u011bstnavatelem ve m\u011bst\u011b, je to t\u00e9m\u011b\u0159 nemysliteln\u00e9. O tom se na vlastn\u00ed k\u016f\u017ei p\u0159esv\u011bd\u010dil i nesly\u0161\u00edc\u00ed Jaroslav Pe\u0159ina.<br \/>\nJeho matka jej nau\u010dila odez\u00edrat ze rt\u016f, otec ho naopak nutil nosit naslouch\u00e1tko, a\u0165 si osvoj\u00ed \u0159e\u010d. &#8222;Moji rodi\u010de mi dali dobrou pr\u016fpravu do \u017eivota. Otec mi ale um\u0159el v roce 2006 a j\u00e1 nyn\u00ed \u017eiju se svou matkou. Jsme si navz\u00e1jem oporou, pom\u00e1h\u00e1m j\u00ed s opravami, sek\u00e1n\u00edm tr\u00e1vy nebo \u0159ez\u00e1n\u00edm d\u0159eva,&#8220; za\u010d\u00edn\u00e1 vypr\u00e1v\u011bt Jaroslav Pe\u0159ina.<br \/>\n&#8222;P\u0159ed \u010dty\u0159mi lety jsem bylna pracovn\u00edm pohovoru ve firm\u011b Etimex, kter\u00e1 s\u00eddl\u00ed v CTParku. Domn\u00edv\u00e1m se, \u017ee zam\u011bstnanci maj\u00ed obavy mi d\u00e1t pr\u00e1ci, proto\u017ee si mysl\u00ed, \u017ee nejsem schopn\u00fd komunikovat. Mluv\u00edm ale bez probl\u00e9m\u016f,&#8220; popisuje nesly\u0161\u00edc\u00ed mu\u017e, jeho\u017e kon\u00ed\u010dkem jsou opravy po\u010d\u00edta\u010d\u016f a notebook\u016f. \u010clov\u011bk si p\u0159i rozhovoru s n\u00edm brzy zvykne na jeho vyjad\u0159ov\u00e1n\u00ed, s\u00e1m pak zpomal\u00ed tempo sv\u00e9 \u0159e\u010di a artikuluje v\u00fdrazn\u011bji, potom u\u017e komunika\u010dn\u00ed bari\u00e9ry padaj\u00ed.<br \/>\nFirma Etimex zat\u00edm o roz\u0161\u00ed\u0159en\u00ed nab\u00eddky pr\u00e1ce pro zdravotn\u011b znev\u00fdhodn\u011bn\u00e9 neuva\u017euje. &#8222;Bohu\u017eel, nem\u00e1me zde \u017e\u00e1dn\u00e1 m\u00edsta vhodn\u00e1 pro zdravotn\u011b posti\u017een\u00e9, co\u017e jsem panu Pe\u0159inovi vysv\u011btlovala. I kdy\u017e bychom r\u00e1di nab\u00eddli pracovn\u00ed p\u0159\u00edle\u017eitost zdravotn\u011b posti\u017een\u00fdm zam\u011bstnanc\u016fm, charakter na\u0161eho provozu to neumo\u017e\u0148uje, museli bychom vytvo\u0159it speci\u00e1ln\u00ed m\u00edsto, co\u017e v sou\u010dasn\u00e9 dob\u011b nen\u00ed re\u00e1ln\u00e9. Na pozici elektromechanika, na kterou se hl\u00e1sil, \u010dlov\u011bk sly\u0161et mus\u00ed, proto\u017ee vykon\u00e1v\u00e1 samostatnou pr\u00e1ci v provozu, pohybuje se po hale, po n\u00ed\u017e jezd\u00ed vysokozdvi\u017en\u00e9 voz\u00edky, a s ostatn\u00edmi zam\u011bstnanci se domlouv\u00e1 na d\u00e1lku, pomoc\u00ed telefon\u016f,&#8220; uvedla Jana \u010cesalov\u00e1 z person\u00e1ln\u00edho odd\u011blen\u00ed firmy Etimex, kter\u00e1 zam\u011bstn\u00e1v\u00e1 dohromady p\u011bt elektromechanik\u016f.<br \/>\n&#8222;V\u0161ude pot\u0159ebujeme stoprocentn\u011b zdrav\u00e9 lidi. Jsme mal\u00e1 firma a m\u00e1me tu pouze jednu pan\u00ed, kter\u00e1 je v \u010d\u00e1ste\u010dn\u00e9m invalidn\u00edm d\u016fchodu a pom\u00e1h\u00e1 n\u00e1m na kontrole kvality,&#8220; \u0159ekla d\u00e1le s t\u00edm, \u017ee ve firm\u011b pracuj\u00ed zam\u011bstnanci v prost\u0159ed\u00ed se zv\u00fd\u0161enou hladinou hluku, a pokud m\u00e1 n\u011bkdo probl\u00e9m se sluchem, nen\u00ed p\u0159i vstupn\u00ed prohl\u00eddce uzn\u00e1n zdravotn\u011b zp\u016fsobil\u00fdm pro v\u00fdkon pr\u00e1ce v tomto prost\u0159ed\u00ed. &#8222;Pokud n\u00e1m v budoucnosti pr\u00e1ce na nov\u00fdch projektech umo\u017en\u00ed pracovn\u00ed m\u00edsta pro zdravotn\u011b posti\u017een\u00e9 vytvo\u0159it, r\u00e1di jim pracovn\u00ed uplatn\u011bn\u00ed nab\u00eddneme,&#8220; dodala.<br \/>\nMinul\u00fd rok se op\u011bt sna\u017eil z\u00edskat pr\u00e1ci, tentokr\u00e1t ve firm\u011b Smiths Medical, co\u017e se mu nepoda\u0159ilo. Situace se ale m\u011bn\u00ed, jak potvrdil i \u0159editel spole\u010dnosti Robert Ku\u017eela. &#8222;Jsme pom\u011brn\u011b mlad\u00e1 spole\u010dnost v CTParku. Prvn\u00ed produkt jsme vyrobili p\u0159ed osmn\u00e1cti m\u011bs\u00edci a na pozic\u00edch oper\u00e1tor\u016f jsme po\u017e\u00e1dali do za\u0159\u00edzen\u00ed do kategori\u00ed, co\u017e n\u00e1m vymezuje, koho m\u016f\u017eeme nebo nem\u016f\u017eeme zam\u011bstnat,&#8220; vysv\u011btlil \u0159editel s t\u00edm, \u017ee Smiths Medical spolupracuje s \u00fa\u0159adem pr\u00e1ce v Hranic\u00edch, kter\u00fd doporu\u010dil dal\u0161\u00ed postup. Jaroslav Pe\u0159ina potvrzuje,\u017ee pr\u00e1ce se ur\u010dit\u011b neboj\u00ed, jedin\u00fd probl\u00e9m nast\u00e1v\u00e1 p\u0159i komunikaci. &#8222;Nesly\u0161\u00edc\u00ed je \u00fapln\u011b stejn\u011b hodnotn\u00fd \u010dlov\u011bk jako sly\u0161\u00edc\u00ed. Mohu pracovat a nem\u00e1m\u017e\u00e1dn\u00e9 zdravotn\u00ed posti\u017een\u00ed. Ov\u0161em mnohdy nemohu reagovat na inzer\u00e1t, proto\u017ee kdybych telefonoval, nedomluv\u00edm se,&#8220; dod\u00e1v\u00e1 \u010dty\u0159iat\u0159icetilet\u00fd mu\u017e, kter\u00fd m\u00e1 v\u00fdu\u010dn\u00ed list z elektrotechnick\u00e9 \u0161koly, obor slaboproud. \u010c\u00e1ste\u010dn\u00e9 \u0159e\u0161en\u00ed nab\u00edz\u00ed firma Krok, kter\u00e1 zam\u011bstn\u00e1v\u00e1 zdravotn\u011b posti\u017een\u00e9 obyvatele. &#8222;Zdravotn\u011b posti\u017een\u00fdch zam\u011bstn\u00e1v\u00e1me p\u0159es dv\u011b st\u011b pades\u00e1t. Nab\u00edz\u00edme \u0161estihodinov\u00e9 pracovn\u00ed doby a v\u017edy o nich je\u0161t\u011b rozhoduje na\u0161e l\u00e9ka\u0159ka, zda je doty\u010dn\u00fd schopn\u00fd zvl\u00e1dnout takov\u00e9 pracovn\u00ed nasazen\u00ed,&#8220; uvedla vedouc\u00ed person\u00e1ln\u00edho odd\u011blen\u00ed Iva Vinklerov\u00e1 s t\u00edm, \u017ee lid\u00e9 pracuj\u00ed v \u0161esti d\u00edln\u00e1ch. &#8222;Nap\u0159\u00edklad skladn\u00edci d\u011blaj\u00ed osmihodinovky, proto\u017ee pr\u00e1ce zde je u\u017e n\u00e1ro\u010dn\u00e1. M\u00e1mezde referenty, pomocn\u00e9 d\u011bln\u00edky nebo ekonomy. N\u011bkte\u0159\u00ed zde pracuj\u00ed u\u017e dvacet let, takov\u00e9 lidi rozhodn\u011b nem\u00e1 smysl m\u011bnit a my celkov\u011b jsme s prac\u00ed zdravotn\u011b posti\u017een\u00fdch spokojen\u00ed,&#8220; dodala Iva Vinklerov\u00e1.<br \/>\nI Jaroslavu Pe\u0159inovi se pr\u00e1ce v Kroku zamlouv\u00e1. &#8222;L\u00edb\u00ed se mi tu, ale m\u00e1m zkr\u00e1cen\u00fd \u00favazek. V\u00edm, \u017ee dok\u00e1\u017eu pracovat d\u00e9le. Jsem schopn\u00fd pracovat osm i v\u00edce hodin. \u010cetl jsem z\u00e1kon\u00edk pr\u00e1ce, kter\u00fd od 1. ledna 2016 slibuje zdravotn\u011b posti\u017een\u00fdm vy\u0161\u0161\u00ed mzdy. V\u011b\u0159\u00edm, \u017ee se bl\u00fdsk\u00e1 na lep\u0161\u00ed \u010dasy,&#8220; douf\u00e1 sympatick\u00fd mu\u017e.<\/p>\n<p>BARBORA JEST\u0158EBSK\u00c1<br \/>\nHranick\u00fd t\u00fdden<\/p>\n","protected":false},"excerpt":{"rendered":"<div class=\"mh-excerpt\"><p>Ve v\u011bt\u0161in\u011b hranick\u00fdch firem nejsou p\u0159ipraveni zam\u011bstnat handicapovan\u00e9 osoby<\/p>\n<\/div>","protected":false},"author":1,"featured_media":18323,"comment_status":"open","ping_status":"closed","sticky":false,"template":"","format":"standard","meta":{"footnotes":""},"categories":[7],"tags":[],"class_list":["post-23024","post","type-post","status-publish","format-standard","has-post-thumbnail","hentry","category-spolecnost"],"_links":{"self":[{"href":"https:\/\/www.invarena.cz\/index.php?rest_route=\/wp\/v2\/posts\/23024","targetHints":{"allow":["GET"]}}],"collection":[{"href":"https:\/\/www.invarena.cz\/index.php?rest_route=\/wp\/v2\/posts"}],"about":[{"href":"https:\/\/www.invarena.cz\/index.php?rest_route=\/wp\/v2\/types\/post"}],"author":[{"embeddable":true,"href":"https:\/\/www.invarena.cz\/index.php?rest_route=\/wp\/v2\/users\/1"}],"replies":[{"embeddable":true,"href":"https:\/\/www.invarena.cz\/index.php?rest_route=%2Fwp%2Fv2%2Fcomments&post=23024"}],"version-history":[{"count":0,"href":"https:\/\/www.invarena.cz\/index.php?rest_route=\/wp\/v2\/posts\/23024\/revisions"}],"wp:featuredmedia":[{"embeddable":true,"href":"https:\/\/www.invarena.cz\/index.php?rest_route=\/wp\/v2\/media\/18323"}],"wp:attachment":[{"href":"https:\/\/www.invarena.cz\/index.php?rest_route=%2Fwp%2Fv2%2Fmedia&parent=23024"}],"wp:term":[{"taxonomy":"category","embeddable":true,"href":"https:\/\/www.invarena.cz\/index.php?rest_route=%2Fwp%2Fv2%2Fcategories&post=23024"},{"taxonomy":"post_tag","embeddable":true,"href":"https:\/\/www.invarena.cz\/index.php?rest_route=%2Fwp%2Fv2%2Ftags&post=23024"}],"curies":[{"name":"wp","href":"https:\/\/api.w.org\/{rel}","templated":true}]}}