{"id":23043,"date":"2015-10-12T14:29:41","date_gmt":"2015-10-12T12:29:41","guid":{"rendered":"http:\/\/www.invarena.cz\/?p=23043"},"modified":"2015-10-12T14:29:41","modified_gmt":"2015-10-12T12:29:41","slug":"v-metru-nema-jeste-tretina-stanic-bezbarierovy-pristup-pristi-rok-se-zacnou-stavet-dalsi-vytahy","status":"publish","type":"post","link":"https:\/\/www.invarena.cz\/?p=23043","title":{"rendered":"V metru nem\u00e1 je\u0161t\u011b t\u0159etina stanic bezbari\u00e9rov\u00fd p\u0159\u00edstup, p\u0159\u00ed\u0161t\u00ed rok se za\u010dnou stav\u011bt dal\u0161\u00ed v\u00fdtahy"},"content":{"rendered":"<p><strong>Pra\u017esk\u00fd dopravn\u00ed podnik ve stanici metra B And\u011bl zprovoznil nov\u00fd v\u00fdtah, stanice se tak stala bezbari\u00e9rovou. Letos v srpnu za\u010dal fungovat nov\u00fd v\u00fdtah ve stanici I. P. Pavlova, v p\u0159\u00ed\u0161t\u00edm roce zah\u00e1j\u00ed dopravce stavbu dal\u0161\u00edch t\u0159\u00ed v\u00fdtah\u016f.<\/strong><!--more--><\/p>\n<p>Cel\u00fd \u010dl\u00e1nek <a href=\"http:\/\/www.prazskypatriot.cz\/v-metru-nema-jeste-tretina-stanice-bezbarierovy-pristup-pristi-rok-se-zacnou-stavet-dalsi-vytahy\/\">ZDE<\/a><\/p>\n","protected":false},"excerpt":{"rendered":"<div class=\"mh-excerpt\"><p>Pra\u017esk\u00fd dopravn\u00ed podnik ve stanici metra B And\u011bl zprovoznil nov\u00fd v\u00fdtah, stanice se tak stala bezbari\u00e9rovou. Letos v srpnu za\u010dal fungovat nov\u00fd v\u00fdtah ve stanici <a class=\"mh-excerpt-more\" href=\"https:\/\/www.invarena.cz\/?p=23043\" title=\"V metru nem\u00e1 je\u0161t\u011b t\u0159etina stanic bezbari\u00e9rov\u00fd p\u0159\u00edstup, p\u0159\u00ed\u0161t\u00ed rok se za\u010dnou stav\u011bt dal\u0161\u00ed v\u00fdtahy\">[&#8230;]<\/a><\/p>\n<\/div>","protected":false},"author":1,"featured_media":1478,"comment_status":"open","ping_status":"closed","sticky":false,"template":"","format":"standard","meta":{"footnotes":""},"categories":[9],"tags":[],"class_list":["post-23043","post","type-post","status-publish","format-standard","has-post-thumbnail","hentry","category-zpravy"],"_links":{"self":[{"href":"https:\/\/www.invarena.cz\/index.php?rest_route=\/wp\/v2\/posts\/23043","targetHints":{"allow":["GET"]}}],"collection":[{"href":"https:\/\/www.invarena.cz\/index.php?rest_route=\/wp\/v2\/posts"}],"about":[{"href":"https:\/\/www.invarena.cz\/index.php?rest_route=\/wp\/v2\/types\/post"}],"author":[{"embeddable":true,"href":"https:\/\/www.invarena.cz\/index.php?rest_route=\/wp\/v2\/users\/1"}],"replies":[{"embeddable":true,"href":"https:\/\/www.invarena.cz\/index.php?rest_route=%2Fwp%2Fv2%2Fcomments&post=23043"}],"version-history":[{"count":0,"href":"https:\/\/www.invarena.cz\/index.php?rest_route=\/wp\/v2\/posts\/23043\/revisions"}],"wp:featuredmedia":[{"embeddable":true,"href":"https:\/\/www.invarena.cz\/index.php?rest_route=\/wp\/v2\/media\/1478"}],"wp:attachment":[{"href":"https:\/\/www.invarena.cz\/index.php?rest_route=%2Fwp%2Fv2%2Fmedia&parent=23043"}],"wp:term":[{"taxonomy":"category","embeddable":true,"href":"https:\/\/www.invarena.cz\/index.php?rest_route=%2Fwp%2Fv2%2Fcategories&post=23043"},{"taxonomy":"post_tag","embeddable":true,"href":"https:\/\/www.invarena.cz\/index.php?rest_route=%2Fwp%2Fv2%2Ftags&post=23043"}],"curies":[{"name":"wp","href":"https:\/\/api.w.org\/{rel}","templated":true}]}}