{"id":23044,"date":"2015-10-12T15:11:50","date_gmt":"2015-10-12T13:11:50","guid":{"rendered":"http:\/\/www.invarena.cz\/?p=23044"},"modified":"2015-10-12T15:11:50","modified_gmt":"2015-10-12T13:11:50","slug":"australie-resi-pripad-somalky-pry-znasilnene-v-uprchlickem-tabore","status":"publish","type":"post","link":"https:\/\/www.invarena.cz\/?p=23044","title":{"rendered":"Austr\u00e1lie \u0159e\u0161\u00ed p\u0159\u00edpad Som\u00e1lky pr\u00fd zn\u00e1siln\u011bn\u00e9 v uprchlick\u00e9m t\u00e1bo\u0159e"},"content":{"rendered":"<p><strong>Do Austr\u00e1lie dnes p\u0159ilet\u011bla som\u00e1lsk\u00e1 uprchlice, kter\u00e1 \u00fadajn\u011b ot\u011bhotn\u011bla po zn\u00e1siln\u011bn\u00ed v kontroverzn\u00edm t\u00e1bo\u0159e na ostrov\u011b Nauru, kam Austr\u00e1lie um\u00eds\u0165uje b\u011b\u017eence m\u00ed\u0159\u00edc\u00ed k jej\u00edm b\u0159eh\u016fm.<\/strong><!--more--><\/p>\n<p>Som\u00e1lka u\u017e p\u0159ed n\u011bkolika t\u00fddny \u017e\u00e1dala australsk\u00e9 \u00fa\u0159ady, aby byla p\u0159evezena z Nauru a mohla podstoupit potrat. O v\u00edkendu v australsk\u00fdch m\u011bstech demonstrovaly tis\u00edce lid\u00ed na podporu migrant\u016f a vyz\u00fdvaly k uzav\u0159en\u00ed uprchlick\u00fdch t\u00e1bor\u016f v odlehl\u00fdch lokalit\u00e1ch Nauru a Papua-Nov\u00e1 Guinea, informoval zpravodajsk\u00fd server BBC News.<br \/>\nAustr\u00e1lie v r\u00e1mci sv\u00e9 p\u0159\u00edsn\u00e9 azylov\u00e9 politiky znemo\u017e\u0148uje b\u011b\u017eenc\u016fm, kte\u0159\u00ed dopluj\u00ed k australsk\u00fdm b\u0159eh\u016fm, usadit se v zemi a pos\u00edl\u00e1 je do t\u00e1bor\u016f v ostrovn\u00edch st\u00e1tech Nauru a Papua-Nov\u00e1 Guinea. Australsk\u00e1 vl\u00e1da prohla\u0161uje, \u017ee t\u00edmto zp\u016fsobem bojuje s p\u0159ev\u00e1d\u011b\u010dstv\u00edm a neleg\u00e1ln\u00ed migrac\u00ed. Kritici ale poukazuj\u00ed na \u0161patn\u00e9 \u017eivotn\u00ed podm\u00ednky v uprchlick\u00fdch t\u00e1borech.<br \/>\nDv\u011b som\u00e1lsk\u00e9 \u017eeny si ned\u00e1vno st\u011b\u017eovaly, \u017ee byly v t\u00e1bo\u0159e v Nauru zn\u00e1siln\u011bny. \u00da\u0159ady tohoto ostrovn\u00edho st\u00e1tu v jednom z p\u0159\u00edpad\u016f prohl\u00e1\u0161en\u00ed Som\u00e1lky odm\u00edtly s t\u00edm, \u017ee jej\u00ed tvrzen\u00ed o zn\u00e1siln\u011bn\u00ed dv\u011bma mu\u017ei z Nauru nen\u00ed podpo\u0159eno dostate\u010dn\u00fdmi d\u016fkazy.<br \/>\nDruh\u00e1 z \u017een dnes p\u0159icestovala do Austr\u00e1lie. T\u0159iadvacetilet\u00e1 Som\u00e1lka, kter\u00e1 rovn\u011b\u017e ze zn\u00e1siln\u011bn\u00ed obvi\u0148uje obyvatele Nauru, je pr\u00fd ji\u017e v\u00edce ne\u017e 12 t\u00fddn\u016f t\u011bhotn\u00e1. Nauru povoluje potrat jen ve v\u00fdjime\u010dn\u00fdch p\u0159\u00edpadech, zpravidla kdy\u017e je ohro\u017een \u017eivot matky. Zn\u00e1siln\u011bn\u00ed leg\u00e1ln\u00edm d\u016fvodem k p\u0159eru\u0161en\u00ed t\u011bhotenstv\u00ed na tomto ostrov\u011b nen\u00ed. Australsk\u00e1 vl\u00e1da byla proto pod tlakem, aby \u017eenu ze zdravotn\u00edch d\u016fvod\u016f vpustila na australsk\u00e9 \u00fazem\u00ed.<br \/>\nV z\u00e1\u0159\u00ed australsk\u00fd sen\u00e1tn\u00ed v\u00fdbor ve sv\u00e9 zpr\u00e1v\u011b uvedl, \u017ee podm\u00ednky v t\u00e1bo\u0159e pro migranty na ostrov\u011b Nauru &#8222;nejsou odpov\u00eddaj\u00edc\u00ed a bezpe\u010dn\u00e9&#8220;. Vyzval k vy\u0161et\u0159en\u00ed podez\u0159el\u00fdch p\u0159\u00edpad\u016f zn\u00e1siln\u011bn\u00ed a zneu\u017e\u00edv\u00e1n\u00ed. V sou\u010dasn\u00e9 dob\u011b prov\u011b\u0159uje leg\u00e1lnost t\u00e1bor\u016f australsk\u00fd nejvy\u0161\u0161\u00ed soud.<\/p>\n","protected":false},"excerpt":{"rendered":"<div class=\"mh-excerpt\"><p>Do Austr\u00e1lie dnes p\u0159ilet\u011bla som\u00e1lsk\u00e1 uprchlice, kter\u00e1 \u00fadajn\u011b ot\u011bhotn\u011bla po zn\u00e1siln\u011bn\u00ed v kontroverzn\u00edm t\u00e1bo\u0159e na ostrov\u011b Nauru, kam Austr\u00e1lie um\u00eds\u0165uje b\u011b\u017eence m\u00ed\u0159\u00edc\u00ed k jej\u00edm b\u0159eh\u016fm.<\/p>\n<\/div>","protected":false},"author":1,"featured_media":0,"comment_status":"open","ping_status":"closed","sticky":false,"template":"","format":"standard","meta":{"footnotes":""},"categories":[9],"tags":[],"class_list":["post-23044","post","type-post","status-publish","format-standard","hentry","category-zpravy"],"_links":{"self":[{"href":"https:\/\/www.invarena.cz\/index.php?rest_route=\/wp\/v2\/posts\/23044","targetHints":{"allow":["GET"]}}],"collection":[{"href":"https:\/\/www.invarena.cz\/index.php?rest_route=\/wp\/v2\/posts"}],"about":[{"href":"https:\/\/www.invarena.cz\/index.php?rest_route=\/wp\/v2\/types\/post"}],"author":[{"embeddable":true,"href":"https:\/\/www.invarena.cz\/index.php?rest_route=\/wp\/v2\/users\/1"}],"replies":[{"embeddable":true,"href":"https:\/\/www.invarena.cz\/index.php?rest_route=%2Fwp%2Fv2%2Fcomments&post=23044"}],"version-history":[{"count":0,"href":"https:\/\/www.invarena.cz\/index.php?rest_route=\/wp\/v2\/posts\/23044\/revisions"}],"wp:attachment":[{"href":"https:\/\/www.invarena.cz\/index.php?rest_route=%2Fwp%2Fv2%2Fmedia&parent=23044"}],"wp:term":[{"taxonomy":"category","embeddable":true,"href":"https:\/\/www.invarena.cz\/index.php?rest_route=%2Fwp%2Fv2%2Fcategories&post=23044"},{"taxonomy":"post_tag","embeddable":true,"href":"https:\/\/www.invarena.cz\/index.php?rest_route=%2Fwp%2Fv2%2Ftags&post=23044"}],"curies":[{"name":"wp","href":"https:\/\/api.w.org\/{rel}","templated":true}]}}