{"id":23045,"date":"2015-10-12T15:18:06","date_gmt":"2015-10-12T13:18:06","guid":{"rendered":"http:\/\/www.invarena.cz\/?p=23045"},"modified":"2015-10-12T15:18:06","modified_gmt":"2015-10-12T13:18:06","slug":"odskodne-za-pracovni-urazy-se-zvysi-rozhodla-vlada","status":"publish","type":"post","link":"https:\/\/www.invarena.cz\/?p=23045","title":{"rendered":"Od\u0161kodn\u00e9 za pracovn\u00ed \u00farazy se zv\u00fd\u0161\u00ed, rozhodla vl\u00e1da"},"content":{"rendered":"<p><strong>Bolestn\u00e9 a od\u0161kodn\u011bn\u00ed za zhor\u0161en\u00e9 uplatn\u011bn\u00ed po pracovn\u00edm \u00farazu \u010di kv\u016fli nemoci z povol\u00e1n\u00ed se od \u0159\u00edjna zv\u00fd\u0161\u00ed. Vypl\u00fdv\u00e1 to z vl\u00e1dn\u00edho na\u0159\u00edzen\u00ed, kter\u00e9 na dne\u0161n\u00edm jedn\u00e1n\u00ed schv\u00e1lila vl\u00e1da. V tiskov\u00e9 zpr\u00e1v\u011b to uvedlo ministerstvo zdravotnictv\u00ed.<\/strong> <!--more--><\/p>\n<p>ilustra\u010dn\u00ed foto: g-point \/ stock.xchng<br \/>\nHodnota bod\u016f, jimi\u017e se jednotliv\u00e1 po\u0161kozen\u00ed zdrav\u00ed ze zam\u011bstn\u00e1n\u00ed hodnot\u00ed, se zv\u00fd\u0161\u00ed ze 120 na 250 korun.<\/p>\n<p>&#8222;Hodnota jednoho bodu 120 korun stanoven\u00e1 v roce 2001, kdy pr\u016fm\u011brn\u00e1 mzda v \u010cR dosahovala zhruba 14.600 korun, nebyla dosud valorizov\u00e1na. Pr\u00e1v\u011b schv\u00e1len\u00fdm n\u00e1vrhem na\u0159\u00edzen\u00ed vl\u00e1dy se proto zvy\u0161uje hodnota jednoho bodu na 250 korun,&#8220; uvedl v tiskov\u00e9 zpr\u00e1v\u011b ministr Svatopluk N\u011bme\u010dek (\u010cSSD).<\/p>\n<p>N\u011bme\u010dek dodal, \u017ee na\u0159\u00edzen\u00ed up\u0159es\u0148uje postup pro vypracov\u00e1n\u00ed l\u00e9ka\u0159sk\u00fdch posudk\u016f, podle kter\u00fdch se po\u010d\u00edt\u00e1 v\u00fd\u0161e n\u00e1hrady. &#8222;P\u0159esn\u011b definuje pojmy jako bolest a zt\u00ed\u017een\u00ed spole\u010densk\u00e9ho uplatn\u011bn\u00ed a vymezuje postupy i zp\u016fsob bodov\u00e9ho hodnocen\u00ed \u00fajmy dan\u00e9ho pacienta pro ur\u010den\u00ed v\u00fd\u0161e n\u00e1hrady,&#8220; sd\u011blil ministr.<\/p>\n<p>V roce 2010 se \u0159e\u0161ilo zhruba 54.800 p\u0159\u00edpad\u016f pracovn\u00edch \u00faraz\u016f a nemoc\u00ed z povol\u00e1n\u00ed. Na bolestn\u00e9m se vyplatilo 237,1 milionu korun, na n\u00e1hrad\u011b za zt\u00ed\u017een\u00e9 uplatn\u011bn\u00ed pak 264,4 milionu. Loni bylo p\u0159\u00edpad\u016f kolem 54.900, bolestn\u00e9 dos\u00e1hlo 233,8 milionu a ostatn\u00ed n\u00e1hrady 268,8 milionu korun. Bolestn\u00e9 a od\u0161kodn\u00e9 za zhor\u0161en\u00e9 uplatn\u011bn\u00ed plat\u00ed zam\u011bstnavatel, m\u00e1 na to poji\u0161t\u011bn\u00ed.<\/p>\n<p>Pokud nemoc \u010di \u00faraz zp\u016fsobily v\u00edc po\u0161kozen\u00ed, hodnot\u00ed se ka\u017ed\u00e9 zvl\u00e1\u0161\u0165. Body se pak s\u010d\u00edtaj\u00ed. Po\u010det se m\u016f\u017ee sn\u00ed\u017eit, pokud \u010dlov\u011bk p\u0159ed \u00farazem \u010di chorobou z povol\u00e1n\u00ed u\u017e men\u0161\u00ed uplatn\u011bn\u00ed m\u011bl. Podle z\u00e1va\u017enosti to m\u016f\u017ee b\u00fdt o deset a\u017e 30 procent. Po\u010det bod\u016f za bolest a ztr\u00e1tu uplatn\u011bn\u00ed stanov\u00ed v posudku l\u00e9ka\u0159.<\/p>\n<p>Podle schv\u00e1len\u00e9ho n\u00e1vrhu odpov\u00edd\u00e1 nap\u0159\u00edklad bolestn\u00e9 za ztr\u00e1tu p\u0159edn\u00edho zubu \u010di za lehk\u00fd ot\u0159es mozku 20 bod\u016fm a 5000 korun\u00e1m, u poran\u011bn\u00ed zrakov\u00e9ho nervu 150 bod\u016fm a 37.500 korun\u00e1m, u zlomeniny kl\u00ed\u010dn\u00ed kosti 30 a\u017e 80 bod\u016fm a 7500 a\u017e 20.000 korun\u00e1m, u ztr\u00e1ty ruky 275 bod\u016fm a 68.250 korun\u00e1m. Bolest u nemoci z povol\u00e1n\u00ed d\u00fdchac\u00edch cest kv\u016fli azbestu se bude hodnotit sto a v\u00edce body. Za zhor\u0161en\u00ed uplatn\u011bn\u00ed kv\u016fli ztr\u00e1t\u011b chuti \u010di \u010dichu p\u0159ipadne 1000 bod\u016f a 250.000 korun, za ztr\u00e1tu dominantn\u00ed ruky mezi loktem a ramenem a\u017e 4000 bod\u016f a milion korun.<\/p>\n<p>Od\u0161kod\u0148ov\u00e1n\u00ed za \u00farazy od roku 2014 zm\u011bnil nov\u00fd ob\u010dansk\u00fd z\u00e1kon\u00edk. Podle n\u011bj se maj\u00ed p\u0159\u00edpady posuzovat individu\u00e1ln\u011b, ne podle pr\u00e1vn\u00edho p\u0159edpisu. \u00darazy v pr\u00e1ci a nemoci z povol\u00e1n\u00ed se ale d\u00e1l od\u0161kod\u0148uj\u00ed podle z\u00e1kon\u00edku pr\u00e1ce. Jeho novela za\u010d\u00edn\u00e1 platit od \u0159\u00edjna, proto ministerstvo zdravotnictv\u00ed p\u0159ipravilo i nov\u00e9 na\u0159\u00edzen\u00ed.<\/p>\n","protected":false},"excerpt":{"rendered":"<div class=\"mh-excerpt\"><p>Bolestn\u00e9 a od\u0161kodn\u011bn\u00ed za zhor\u0161en\u00e9 uplatn\u011bn\u00ed po pracovn\u00edm \u00farazu \u010di kv\u016fli nemoci z povol\u00e1n\u00ed se od \u0159\u00edjna zv\u00fd\u0161\u00ed. Vypl\u00fdv\u00e1 to z vl\u00e1dn\u00edho na\u0159\u00edzen\u00ed, kter\u00e9 na <a class=\"mh-excerpt-more\" href=\"https:\/\/www.invarena.cz\/?p=23045\" title=\"Od\u0161kodn\u00e9 za pracovn\u00ed \u00farazy se zv\u00fd\u0161\u00ed, rozhodla vl\u00e1da\">[&#8230;]<\/a><\/p>\n<\/div>","protected":false},"author":1,"featured_media":19889,"comment_status":"open","ping_status":"closed","sticky":false,"template":"","format":"standard","meta":{"footnotes":""},"categories":[1],"tags":[],"class_list":["post-23045","post","type-post","status-publish","format-standard","has-post-thumbnail","hentry","category-nezarazene"],"_links":{"self":[{"href":"https:\/\/www.invarena.cz\/index.php?rest_route=\/wp\/v2\/posts\/23045","targetHints":{"allow":["GET"]}}],"collection":[{"href":"https:\/\/www.invarena.cz\/index.php?rest_route=\/wp\/v2\/posts"}],"about":[{"href":"https:\/\/www.invarena.cz\/index.php?rest_route=\/wp\/v2\/types\/post"}],"author":[{"embeddable":true,"href":"https:\/\/www.invarena.cz\/index.php?rest_route=\/wp\/v2\/users\/1"}],"replies":[{"embeddable":true,"href":"https:\/\/www.invarena.cz\/index.php?rest_route=%2Fwp%2Fv2%2Fcomments&post=23045"}],"version-history":[{"count":0,"href":"https:\/\/www.invarena.cz\/index.php?rest_route=\/wp\/v2\/posts\/23045\/revisions"}],"wp:featuredmedia":[{"embeddable":true,"href":"https:\/\/www.invarena.cz\/index.php?rest_route=\/wp\/v2\/media\/19889"}],"wp:attachment":[{"href":"https:\/\/www.invarena.cz\/index.php?rest_route=%2Fwp%2Fv2%2Fmedia&parent=23045"}],"wp:term":[{"taxonomy":"category","embeddable":true,"href":"https:\/\/www.invarena.cz\/index.php?rest_route=%2Fwp%2Fv2%2Fcategories&post=23045"},{"taxonomy":"post_tag","embeddable":true,"href":"https:\/\/www.invarena.cz\/index.php?rest_route=%2Fwp%2Fv2%2Ftags&post=23045"}],"curies":[{"name":"wp","href":"https:\/\/api.w.org\/{rel}","templated":true}]}}