{"id":23060,"date":"2015-10-13T01:26:46","date_gmt":"2015-10-12T23:26:46","guid":{"rendered":"http:\/\/www.invarena.cz\/?p=23060"},"modified":"2015-10-13T11:57:59","modified_gmt":"2015-10-13T09:57:59","slug":"opily-vozickar-vrazil-do-auta-policistu-ti-ho-uz-dobre-znaji","status":"publish","type":"post","link":"https:\/\/www.invarena.cz\/?p=23060","title":{"rendered":"Opil\u00fd voz\u00ed\u010dk\u00e1\u0159 vrazil do auta policist\u016f. Ti ho u\u017e dob\u0159e znaj\u00ed"},"content":{"rendered":"<p><strong>Neobvykl\u00fd p\u0159\u00edpad v t\u011bchto dnech \u0159e\u0161ili brn\u011bn\u0161t\u00ed policist\u00e9, kdy\u017e do slu\u017eebn\u00edho auta jedn\u00e9 z hl\u00eddek narazil opil\u00fd mu\u017e na invalidn\u00edm voz\u00edku.<\/strong> <!--more--><\/p>\n<p>Brno \u2013 &#8222;Policejn\u00ed hl\u00eddka ve slu\u017eebn\u00edm aut\u011b st\u00e1la na semaforu v Reissigov\u011b ulici, kdy\u017e n\u00e1hle zezadu do auta narazil invalida na voz\u00edku,&#8220; informovala v\u010dera o p\u0159\u00edpadu mluv\u010d\u00ed brn\u011bnsk\u00fdch policist\u016f Andrea Strakov\u00e1.<\/p>\n<p>Mu\u017e nakonec z nehody nevyv\u00e1zl bez zran\u011bn\u00ed. Spadl p\u0159i n\u00ed toti\u017e na zem a poranil si \u010delo. Voz\u00ed\u010dk\u00e1\u0159 putoval na o\u0161et\u0159en\u00ed do \u00darazov\u00e9 nemocnice. &#8222;Za jeho p\u0159estupkov\u00e9 jedn\u00e1n\u00ed mu nyn\u00ed m\u016f\u017ee hrozit tu\u010dn\u00e1 pokuta,&#8220; varovala policejn\u00ed mluv\u010d\u00ed.<\/p>\n<p>P\u0159\u00ed\u010dinu ve\u010dern\u00ed nehody odhalila hl\u00eddka u\u017e na m\u00edst\u011b. &#8222;Voz\u00ed\u010dk\u00e1\u0159 byl zjevn\u011b podnapil\u00fd. Policist\u00e9 z bouran\u00e9ho auta mu tedy provedli dechovou zkou\u0161ku. Ta uk\u00e1zala, \u017ee m\u011bl jedna\u0161edes\u00e1tilet\u00fd mu\u017e p\u0159es t\u0159i promile,&#8220; upozornila Strakov\u00e1. Invalidu brn\u011bn\u0161t\u00ed policist\u00e9 p\u0159itom dob\u0159e znaj\u00ed. &#8222;P\u0159ed dv\u011bma lety mu policejn\u00ed hl\u00eddka pom\u00e1hala z \u0159eky v Bystrci, kam spadl. A stejn\u011b jako tentokr\u00e1t mohl za tehdej\u0161\u00ed nehodu alkohol,&#8220; vzpomn\u011bla Strakov\u00e1. Do t\u0159etice m\u011bl mu\u017e co do \u010din\u011bn\u00ed s polici\u00ed loni v b\u0159eznu. Tehdy mu hl\u00eddka ud\u011blila blokovou pokutu za ve\u0159ejn\u00e9 pohor\u0161ov\u00e1n\u00ed. &#8222;Voz\u00ed\u010dk\u00e1\u0159 le\u017eel opil\u00fd a nah\u00fd na lavi\u010dce na zast\u00e1vce brn\u011bnsk\u00e9 m\u011bstsk\u00e9 hromadn\u00e9 dopravy,&#8220; doplnila Strakov\u00e1.<\/p>\n<p>Brn\u011bnsk\u00fd den\u00edk<br \/>\n<a href=\"http:\/\/brnensky.denik.cz\/\">http:\/\/brnensky.denik.cz\/<\/a><\/p>\n","protected":false},"excerpt":{"rendered":"<div class=\"mh-excerpt\"><p>Neobvykl\u00fd p\u0159\u00edpad v t\u011bchto dnech \u0159e\u0161ili brn\u011bn\u0161t\u00ed policist\u00e9, kdy\u017e do slu\u017eebn\u00edho auta jedn\u00e9 z hl\u00eddek narazil opil\u00fd mu\u017e na invalidn\u00edm voz\u00edku.<\/p>\n<\/div>","protected":false},"author":1,"featured_media":7832,"comment_status":"open","ping_status":"closed","sticky":false,"template":"","format":"standard","meta":{"footnotes":""},"categories":[9],"tags":[],"class_list":["post-23060","post","type-post","status-publish","format-standard","has-post-thumbnail","hentry","category-zpravy"],"_links":{"self":[{"href":"https:\/\/www.invarena.cz\/index.php?rest_route=\/wp\/v2\/posts\/23060","targetHints":{"allow":["GET"]}}],"collection":[{"href":"https:\/\/www.invarena.cz\/index.php?rest_route=\/wp\/v2\/posts"}],"about":[{"href":"https:\/\/www.invarena.cz\/index.php?rest_route=\/wp\/v2\/types\/post"}],"author":[{"embeddable":true,"href":"https:\/\/www.invarena.cz\/index.php?rest_route=\/wp\/v2\/users\/1"}],"replies":[{"embeddable":true,"href":"https:\/\/www.invarena.cz\/index.php?rest_route=%2Fwp%2Fv2%2Fcomments&post=23060"}],"version-history":[{"count":0,"href":"https:\/\/www.invarena.cz\/index.php?rest_route=\/wp\/v2\/posts\/23060\/revisions"}],"wp:featuredmedia":[{"embeddable":true,"href":"https:\/\/www.invarena.cz\/index.php?rest_route=\/wp\/v2\/media\/7832"}],"wp:attachment":[{"href":"https:\/\/www.invarena.cz\/index.php?rest_route=%2Fwp%2Fv2%2Fmedia&parent=23060"}],"wp:term":[{"taxonomy":"category","embeddable":true,"href":"https:\/\/www.invarena.cz\/index.php?rest_route=%2Fwp%2Fv2%2Fcategories&post=23060"},{"taxonomy":"post_tag","embeddable":true,"href":"https:\/\/www.invarena.cz\/index.php?rest_route=%2Fwp%2Fv2%2Ftags&post=23060"}],"curies":[{"name":"wp","href":"https:\/\/api.w.org\/{rel}","templated":true}]}}