{"id":23121,"date":"2015-10-17T08:22:33","date_gmt":"2015-10-17T06:22:33","guid":{"rendered":"http:\/\/www.invarena.cz\/?p=23121"},"modified":"2015-10-17T08:22:33","modified_gmt":"2015-10-17T06:22:33","slug":"deti-v-materince-prozily-den-s-vodicim-psem","status":"publish","type":"post","link":"https:\/\/www.invarena.cz\/?p=23121","title":{"rendered":"D\u011bti v mate\u0159ince pro\u017eily den s vod\u00edc\u00edm psem"},"content":{"rendered":"<p><strong>D\u011bti z Mate\u0159sk\u00e9 \u0161koly Klegova v Ostrav\u011b-Hrab\u016fvce se v r\u00e1mci Mezin\u00e1rodn\u00edho dne b\u00edl\u00e9 hole ve \u0161kolce sezn\u00e1mily s vod\u00edc\u00edm psem i nevidom\u00fdm zam\u011bstnancem charity.<\/strong> <!--more--><\/p>\n<p>Ostrava \u2013 &#8222;D\u011bti se dozv\u011bd\u011bly, co znamenaj\u00ed barvy na slepeck\u00e9 holi, jak si nevidom\u00fd \u010dlov\u011bk m\u016f\u017ee uva\u0159it k\u00e1vu i \u010daj s\u00e1m, ani\u017e by p\u0159elil vodu v hrne\u010dku. Vid\u011bly, jak je jeho pejsek dob\u0159e vycvi\u010den\u00fd, poslouch\u00e1 povely sedni, lehni, vpravo, vlevo a dal\u0161\u00ed. Nelekne se, ne\u0161t\u011bk\u00e1, kdy\u017e vedle n\u011bj n\u011bkdo rychle a hlasit\u011b bouch\u00e1, a tak\u00e9 si ho mohly pohladit,&#8220; \u0159ekla Zde\u0148ka \u0160ev\u010d\u00edkov\u00e1, z\u00e1stupkyn\u011b \u0159editelky M\u0160 Klegova. Besedy s nevidom\u00fdm se mohly z\u00fa\u010dastnit tak\u00e9 d\u011bti ze Z\u00e1kladn\u00ed \u0161koly Em\u00edlie Luk\u00e1\u0161ov\u00e9 v Ostrav\u011b-Hrab\u016fvce.<\/p>\n<p>Moravskoslezsk\u00fd den\u00edk<br \/>\n<a href=\"http:\/\/www.moravskoslezsky.denik.cz\/\">http:\/\/www.moravskoslezsky.denik.cz\/<\/a><\/p>\n","protected":false},"excerpt":{"rendered":"<div class=\"mh-excerpt\"><p>D\u011bti z Mate\u0159sk\u00e9 \u0161koly Klegova v Ostrav\u011b-Hrab\u016fvce se v r\u00e1mci Mezin\u00e1rodn\u00edho dne b\u00edl\u00e9 hole ve \u0161kolce sezn\u00e1mily s vod\u00edc\u00edm psem i nevidom\u00fdm zam\u011bstnancem charity.<\/p>\n<\/div>","protected":false},"author":1,"featured_media":0,"comment_status":"open","ping_status":"closed","sticky":false,"template":"","format":"standard","meta":{"footnotes":""},"categories":[9],"tags":[],"class_list":["post-23121","post","type-post","status-publish","format-standard","hentry","category-zpravy"],"_links":{"self":[{"href":"https:\/\/www.invarena.cz\/index.php?rest_route=\/wp\/v2\/posts\/23121","targetHints":{"allow":["GET"]}}],"collection":[{"href":"https:\/\/www.invarena.cz\/index.php?rest_route=\/wp\/v2\/posts"}],"about":[{"href":"https:\/\/www.invarena.cz\/index.php?rest_route=\/wp\/v2\/types\/post"}],"author":[{"embeddable":true,"href":"https:\/\/www.invarena.cz\/index.php?rest_route=\/wp\/v2\/users\/1"}],"replies":[{"embeddable":true,"href":"https:\/\/www.invarena.cz\/index.php?rest_route=%2Fwp%2Fv2%2Fcomments&post=23121"}],"version-history":[{"count":0,"href":"https:\/\/www.invarena.cz\/index.php?rest_route=\/wp\/v2\/posts\/23121\/revisions"}],"wp:attachment":[{"href":"https:\/\/www.invarena.cz\/index.php?rest_route=%2Fwp%2Fv2%2Fmedia&parent=23121"}],"wp:term":[{"taxonomy":"category","embeddable":true,"href":"https:\/\/www.invarena.cz\/index.php?rest_route=%2Fwp%2Fv2%2Fcategories&post=23121"},{"taxonomy":"post_tag","embeddable":true,"href":"https:\/\/www.invarena.cz\/index.php?rest_route=%2Fwp%2Fv2%2Ftags&post=23121"}],"curies":[{"name":"wp","href":"https:\/\/api.w.org\/{rel}","templated":true}]}}