{"id":23153,"date":"2015-10-20T20:33:41","date_gmt":"2015-10-20T18:33:41","guid":{"rendered":"http:\/\/www.invarena.cz\/?p=23153"},"modified":"2015-10-20T20:33:41","modified_gmt":"2015-10-20T18:33:41","slug":"konec-nejasnosti-invalide-kteri-nemohli-pracovat-ani-za-mimoradnych-podminek-uz-pracovat-mohou","status":"publish","type":"post","link":"https:\/\/www.invarena.cz\/?p=23153","title":{"rendered":"Konec nejasnost\u00ed. Invalid\u00e9, kte\u0159\u00ed nemohli pracovat ani za mimo\u0159\u00e1dn\u00fdch podm\u00ednek, u\u017e pracovat mohou"},"content":{"rendered":"<p><strong>Ani odborn\u00edci nato\u017e p\u0159\u00edjemci ID 3. stupn\u011b nev\u011bd\u011bli, zda mohou pracovat, kdy\u017e m\u011bli v rozhodnut\u00ed naps\u00e1no, \u017ee nejsou schopni v\u00fdd\u011ble\u010dn\u00e9 \u010dinnosti ani za mimo\u0159\u00e1dn\u00fdch podm\u00ednek. Nyn\u00ed u\u017e je nejasnostem konec. Pracovat mohou.<\/strong><br \/>\n<!--more--><br \/>\nilustra\u010dn\u00ed foto: Photoxpress<\/p>\n<p>N\u011bkte\u0159\u00ed invalid\u00e9 se 3. stupn\u011bm invalidity m\u011bli v posudku v\u00fdrok, \u017ee nemohou pracovat ani za mimo\u0159\u00e1dn\u00fdch podm\u00ednek. Kdy\u017e se jim v\u0161ak naskytla pracovn\u00ed p\u0159\u00edle\u017eitost, kdy p\u0159ece jen mohli vykon\u00e1vat ur\u010dit\u00fd typ pr\u00e1ce nebo si ji aspo\u0148 vyzkou\u0161et, ob\u00e1vali se mo\u017en\u00e9ho restriktivn\u00edho postupu ze strany \u00fa\u0159ad\u016f nebo v n\u011bkter\u00fdch p\u0159\u00edpadech i zhor\u0161en\u00ed sv\u00e9ho zdravotn\u00edho stavu.  <\/p>\n<p>Tento v\u00fdrok v\u0161ak neznamenal p\u0159\u00edmo z\u00e1kaz pr\u00e1ce. <\/p>\n<p>N\u00e1rodn\u00ed rada zdravotn\u011b posti\u017een\u00fdch o t\u00e9to problematice dlouhodob\u011b jednala s Ministerstvem pr\u00e1ce a soci\u00e1ln\u00edch v\u011bc\u00ed a nakonec se dosp\u011blo k \u0159e\u0161en\u00ed. <\/p>\n<p>Od dne\u0161n\u00edho dne doch\u00e1z\u00ed ke zm\u011bn\u011b posudkov\u00e9ho v\u00fdroku p\u0159i posuzov\u00e1n\u00ed m\u00edry invalidity, a to p\u0159edev\u0161\u00edm u III. stupn\u011b ID. <\/p>\n<p>&#8222;Po dlouh\u00fdch dohadech jsme do\u0161li ke shod\u011b, spole\u010dn\u011b s MPSV \u010cR, \u017ee se zm\u011bn\u00ed v\u00fdrok, uv\u00e1d\u011bn\u00fd na rozhodnut\u00ed o stupni invalidity. Dosavadn\u00ed v\u00fdrok zn\u00ed v tom smyslu, \u017ee pracovn\u00edk nen\u00ed schopen pracovat, a to ani za mimo\u0159\u00e1dn\u00fdch podm\u00ednek, proto\u017ee jeho m\u00edra poklesla o 70 % &#8211; to je u III. stup\u0148\u016f ID. Podobn\u011b je to uv\u00e1d\u011bno i u jin\u00fdch rozhodnut\u00ed ve v\u011bci ID, kdy posudkov\u00fd l\u00e9ka\u0159 ve sv\u00e9m stanovisku \u0159\u00edk\u00e1, \u017ee osoba nen\u00ed schopna pracovn\u00ed \u010di v\u00fdd\u011ble\u010dn\u00e9 \u010dinnosti, ani za mimo\u0159\u00e1dn\u00fdch podm\u00ednek,&#8220; uvedl p\u0159edseda NRZP \u010cR V\u00e1clav Kr\u00e1sa. <\/p>\n<p>Tyto v\u00fdroky na p\u0159\u00ed\u0161t\u011b posudkov\u00ed l\u00e9ka\u0159i budou v rozhodnut\u00edch ps\u00e1t jinak, a to tak, \u017ee se pouze stanov\u00ed procentn\u00ed m\u00edra poklesu pracovn\u00edch schopnost\u00ed bez toho, ani\u017e by bylo komentov\u00e1no, v jak\u00e9m rozsahu m\u016f\u017ee dan\u00fd p\u0159\u00edjemce ID pracovat. T\u00edm by m\u011bla b\u00fdt odbour\u00e1na psychologick\u00e1 hranice, kter\u00e1 p\u016fsob\u00ed tak, \u017ee p\u0159\u00edjemci ID se boj\u00ed p\u0159ij\u00edmat jakoukoliv pr\u00e1ci a i \u00daP k nim p\u0159istupuj\u00ed s n\u00e1hledem, \u017ee tito lid\u00e9 vlastn\u011b pracovat nemohou. <\/p>\n<p>&#8222;Samoz\u0159ejm\u011b, \u017ee je lep\u0161\u00ed prov\u00e9st z\u00e1konnou \u00fapravu, kter\u00e1 by m\u011bla stanovit zn\u011bn\u00ed v\u00fdroku p\u0159i posuzov\u00e1n\u00ed m\u00edry invalidity. Z\u00e1konn\u00e1 \u00faprava je v t\u00e9to v\u011bci v\u0161ak pom\u011brn\u011b slo\u017eit\u00fd proces, tak\u017ee do\u0161lo k dohod\u011b, \u017ee prozat\u00edm tato v\u011bc bude stanovena metodick\u00fdm pokynem \u0159editelem odboru posudkov\u00e9 slu\u017eby \u010cSSZ. Toto ustanoven\u00ed by m\u011blo platit prakticky od dne\u0161n\u00edho dne. V po\u010d\u00edta\u010dov\u00e9 s\u00edti \u010cSSZ byl v\u00fdrok \u201enem\u016f\u017ee pracovat ani za mimo\u0159\u00e1dn\u00fdch podm\u00ednek\u201c zablokov\u00e1n, tud\u00ed\u017e by se nem\u011bl v\u016fbec objevit,&#8220; vysv\u011btluje celou zm\u011bnu p\u0159edseda NRZP \u010cR V\u00e1clav Kr\u00e1sa.<\/p>\n<p>V sou\u010dasn\u00e9 chv\u00edli tedy plat\u00ed, \u017ee p\u0159\u00edjemce ID 3. stupn\u011b pracovat m\u016f\u017ee. V\u017edy ale mus\u00ed p\u0159ihl\u00e9dnout ke sv\u00e9mu zdravotn\u00edmu stavu, aby nap\u0159\u00edklad t\u011blesn\u011b posti\u017een\u00fd \u010dlov\u011bk nevykon\u00e1val fyzicky n\u00e1ro\u010dnou pr\u00e1ci apod. Z\u00e1rove\u0148 plat\u00ed, \u017ee p\u0159\u00edjemce ID si m\u016f\u017ee vyd\u011bl\u00e1vat v neomezen\u00e9 v\u00fd\u0161i.<\/p>\n<p>Ji\u0159\u00ed Marek<br \/>\ninvArena<\/p>\n","protected":false},"excerpt":{"rendered":"<div class=\"mh-excerpt\"><p>Ani odborn\u00edci nato\u017e p\u0159\u00edjemci ID 3. stupn\u011b nev\u011bd\u011bli, zda mohou pracovat, kdy\u017e m\u011bli v rozhodnut\u00ed naps\u00e1no, \u017ee nejsou schopni v\u00fdd\u011ble\u010dn\u00e9 \u010dinnosti ani za mimo\u0159\u00e1dn\u00fdch podm\u00ednek. <a class=\"mh-excerpt-more\" href=\"https:\/\/www.invarena.cz\/?p=23153\" title=\"Konec nejasnost\u00ed. Invalid\u00e9, kte\u0159\u00ed nemohli pracovat ani za mimo\u0159\u00e1dn\u00fdch podm\u00ednek, u\u017e pracovat mohou\">[&#8230;]<\/a><\/p>\n<\/div>","protected":false},"author":3,"featured_media":19377,"comment_status":"open","ping_status":"closed","sticky":false,"template":"","format":"standard","meta":{"footnotes":""},"categories":[18],"tags":[],"class_list":["post-23153","post","type-post","status-publish","format-standard","has-post-thumbnail","hentry","category-poradna"],"_links":{"self":[{"href":"https:\/\/www.invarena.cz\/index.php?rest_route=\/wp\/v2\/posts\/23153","targetHints":{"allow":["GET"]}}],"collection":[{"href":"https:\/\/www.invarena.cz\/index.php?rest_route=\/wp\/v2\/posts"}],"about":[{"href":"https:\/\/www.invarena.cz\/index.php?rest_route=\/wp\/v2\/types\/post"}],"author":[{"embeddable":true,"href":"https:\/\/www.invarena.cz\/index.php?rest_route=\/wp\/v2\/users\/3"}],"replies":[{"embeddable":true,"href":"https:\/\/www.invarena.cz\/index.php?rest_route=%2Fwp%2Fv2%2Fcomments&post=23153"}],"version-history":[{"count":0,"href":"https:\/\/www.invarena.cz\/index.php?rest_route=\/wp\/v2\/posts\/23153\/revisions"}],"wp:featuredmedia":[{"embeddable":true,"href":"https:\/\/www.invarena.cz\/index.php?rest_route=\/wp\/v2\/media\/19377"}],"wp:attachment":[{"href":"https:\/\/www.invarena.cz\/index.php?rest_route=%2Fwp%2Fv2%2Fmedia&parent=23153"}],"wp:term":[{"taxonomy":"category","embeddable":true,"href":"https:\/\/www.invarena.cz\/index.php?rest_route=%2Fwp%2Fv2%2Fcategories&post=23153"},{"taxonomy":"post_tag","embeddable":true,"href":"https:\/\/www.invarena.cz\/index.php?rest_route=%2Fwp%2Fv2%2Ftags&post=23153"}],"curies":[{"name":"wp","href":"https:\/\/api.w.org\/{rel}","templated":true}]}}