{"id":23170,"date":"2015-10-21T06:55:15","date_gmt":"2015-10-21T04:55:15","guid":{"rendered":"http:\/\/www.invarena.cz\/?p=23170"},"modified":"2015-10-21T06:55:15","modified_gmt":"2015-10-21T04:55:15","slug":"japonsko-poprve-uznalo-ze-za-rakovinu-muze-radiace-z-fukusimy","status":"publish","type":"post","link":"https:\/\/www.invarena.cz\/?p=23170","title":{"rendered":"Japonsko poprv\u00e9 uznalo, \u017ee za rakovinu m\u016f\u017ee radiace z Fuku\u0161imy"},"content":{"rendered":"<p><strong>Japonsko poprv\u00e9 uznalo p\u0159\u00edpad onemocn\u011bn\u00ed rakovinou jako d\u016fsledek \u00faniku radiace z jadern\u00e9 elektr\u00e1rny Fuku\u0161ima, kter\u00e1 byla po\u0161kozena p\u0159i zem\u011bt\u0159esen\u00ed a cunami v roce 2011.<\/strong><!--more--><\/p>\n<p> Jedn\u00e1 se o b\u00fdval\u00e9ho d\u011bln\u00edka pracuj\u00edc\u00edho ve Fuku\u0161im\u011b, jemu\u017e l\u00e9ka\u0159i diagnostikovali leuk\u00e9mii, informovala dnes agentura Reuters.<\/p>\n<p>    Mu\u017e, kter\u00e9mu je nyn\u00ed 41 let, pracoval ve Fuku\u0161im\u011b po ne\u0161t\u011bst\u00ed z b\u0159ezna 2011. P\u0159i zem\u011bt\u0159esen\u00ed a cunami tehdy selhalo v atomov\u00e9 elektr\u00e1rn\u011b chlazen\u00ed a v d\u016fsledku toho se zde roztavila j\u00e1dra t\u0159\u00ed reaktor\u016f. \u00danik radioaktivity si vynutil evakuaci t\u00e9m\u011b\u0159 100.000 lid\u00ed z okol\u00ed elektr\u00e1rny, kte\u0159\u00ed se doposud nemohli vr\u00e1tit do sv\u00fdch domov\u016f. Ne\u0161t\u011bst\u00ed bylo nejv\u011bt\u0161\u00ed nukle\u00e1rn\u00ed katastrofou od hav\u00e1rie ukrajinsk\u00e9 jadern\u00e9 elektr\u00e1rny v \u010cernobylu v roce 1986.<br \/>\n    &#8222;Tento \u010dlov\u011bk \u0161el k l\u00e9ka\u0159i, proto\u017ee se nec\u00edtil dob\u0159e. L\u00e9ka\u0159i u n\u011bj zjistili leuk\u00e9mii,&#8220; sd\u011blilo japonsk\u00e9 ministerstvo zdravotnictv\u00ed s t\u00edm, \u017ee doty\u010dn\u00fd pracoval ve Fuku\u0161im\u011b v poni\u010den\u00e9 budov\u011b, kde se nach\u00e1zel jeden z vadn\u00fdch reaktor\u016f. &#8222;P\u0159\u00edpad spl\u0148uje podm\u00ednky&#8220; uzn\u00e1n\u00ed \u00faniku radiace z Fuku\u0161imy jako p\u0159\u00ed\u010diny nemoci, dodalo ministerstvo.<br \/>\n    Zam\u011bstnanec pracoval ve Fuku\u0161im\u011b v\u00edce ne\u017e rok a nosil p\u0159i tom ochrann\u00fd od\u011bv. Dostane od\u0161kodn\u00e9, kter\u00e9 pokryje jeho n\u00e1klady na l\u00e9\u010dbu a u\u0161lou mzdu, sd\u011blilo d\u00e1le ministerstvo zdravotnictv\u00ed.<br \/>\n    Podle agentury AFP existuj\u00ed t\u0159i dal\u0161\u00ed podobn\u00e9 p\u0159\u00edpady onemocn\u011bn\u00ed rakovinou, u nich\u017e se st\u00e1le \u010dek\u00e1 na potvrzen\u00ed souvislosti s ne\u0161t\u011bst\u00edm ve Fuku\u0161im\u011b. Japonsk\u00e1 televize NHK uvedla, \u017ee od katastrofy pracovalo ve fuku\u0161imsk\u00e9m komplexu asi 45.000 lid\u00ed, kte\u0159\u00ed se pod\u00edleli na ochlazov\u00e1n\u00ed a n\u00e1sledn\u00e9 likvidaci reaktor\u016f. Japonsk\u00fd tisk ji\u017e d\u0159\u00edve odhadl, \u017ee realizace tohoto z\u00e1m\u011bru potrv\u00e1 t\u0159i des\u00edtky let a bude st\u00e1t kolem 12 miliard dolar\u016f.<br \/>\n    Ozn\u00e1men\u00ed ministerstva zdravotnictv\u00ed podle agentury AFP pravd\u011bpodobn\u011b d\u00e1le zes\u00edl\u00ed odpor japonsk\u00e9 ve\u0159ejnosti k jadern\u00e9 energetice a zkomplikuje snahy japonsk\u00e9 vl\u00e1dy t\u00fdkaj\u00edc\u00ed se n\u00e1vratu evakuovan\u00fdch obyvatel obc\u00ed kolem Fuku\u0161imy zp\u011bt dom\u016f.<br \/>\n    V minul\u00fdch letech se vedly diskuse o tom, zda nehoda povede k v\u011bt\u0161\u00edmu v\u00fdskytu rakoviny mezi zam\u011bstnanci elektr\u00e1rny a lidmi, kte\u0159\u00ed \u017eili pobl\u00ed\u017e Fuku\u0161imy.<br \/>\n    &#8222;Toto je p\u0159elomov\u00e9 rozhodnut\u00ed z hlediska pr\u00e1v zam\u011bstnanc\u016f a pravd\u011bpodobn\u011b je pouhou \u0161pi\u010dkou ledovce,&#8220; prohl\u00e1sil l\u00e9ka\u0159sk\u00fd expert \u0160inz\u00f3 Kimura. &#8222;Tento mu\u017e byl vystaven relativn\u011b n\u00edzk\u00e9mu mno\u017estv\u00ed radiace &#8211; men\u0161\u00edmu, ne\u017e jak\u00e9 Tokio ozna\u010dilo za bezpe\u010dnou hladinu pro n\u00e1vrat obyvatel oblasti kolem Fuku\u0161imy do sv\u00fdch domov\u016f,&#8220; dodal.<br \/>\n    &#8222;Je to obrovsk\u00e1 r\u00e1na pro Mezin\u00e1rodn\u00ed agenturu pro atomovou energii, kter\u00e1 v z\u00e1\u0159\u00ed leto\u0161n\u00edho roku uvedla, \u017ee se ne\u010dekaj\u00ed \u017e\u00e1dn\u00e9 znateln\u00e9 zdravotn\u00ed n\u00e1sledky v souvislosti s radiac\u00ed uniklou z Fuku\u0161imy,&#8220; konstatovalo ekologick\u00e9 hnut\u00ed Greenpeace.<br \/>\n    V\u0161echny reaktory japonsk\u00fdch jadern\u00fdch elektr\u00e1ren byly po katastrof\u011b ve Fuku\u0161im\u011b odstaveny k bezpe\u010dnostn\u00ed kontrole. Do t\u00e9 doby pokr\u00fdvaly jadern\u00e9 elektr\u00e1rny 30 procent energetick\u00fdch pot\u0159eb zem\u011b.<br \/>\n    Letos v srpnu byl navzdory rozs\u00e1hl\u00fdm protest\u016fm restartov\u00e1n prvn\u00ed reaktor v elektr\u00e1rn\u011b Sendai a minul\u00fd t\u00fdden byl uveden do provozu i druh\u00fd reaktor v tomto za\u0159\u00edzen\u00ed. Tokio ozn\u00e1milo, \u017ee bude v obnovov\u00e1n\u00ed \u010dinnosti jadern\u00fdch elektr\u00e1ren i nad\u00e1le pokra\u010dovat.<\/p>\n","protected":false},"excerpt":{"rendered":"<div class=\"mh-excerpt\"><p>Japonsko poprv\u00e9 uznalo p\u0159\u00edpad onemocn\u011bn\u00ed rakovinou jako d\u016fsledek \u00faniku radiace z jadern\u00e9 elektr\u00e1rny Fuku\u0161ima, kter\u00e1 byla po\u0161kozena p\u0159i zem\u011bt\u0159esen\u00ed a cunami v roce 2011.<\/p>\n<\/div>","protected":false},"author":1,"featured_media":0,"comment_status":"open","ping_status":"closed","sticky":false,"template":"","format":"standard","meta":{"footnotes":""},"categories":[9],"tags":[],"class_list":["post-23170","post","type-post","status-publish","format-standard","hentry","category-zpravy"],"_links":{"self":[{"href":"https:\/\/www.invarena.cz\/index.php?rest_route=\/wp\/v2\/posts\/23170","targetHints":{"allow":["GET"]}}],"collection":[{"href":"https:\/\/www.invarena.cz\/index.php?rest_route=\/wp\/v2\/posts"}],"about":[{"href":"https:\/\/www.invarena.cz\/index.php?rest_route=\/wp\/v2\/types\/post"}],"author":[{"embeddable":true,"href":"https:\/\/www.invarena.cz\/index.php?rest_route=\/wp\/v2\/users\/1"}],"replies":[{"embeddable":true,"href":"https:\/\/www.invarena.cz\/index.php?rest_route=%2Fwp%2Fv2%2Fcomments&post=23170"}],"version-history":[{"count":0,"href":"https:\/\/www.invarena.cz\/index.php?rest_route=\/wp\/v2\/posts\/23170\/revisions"}],"wp:attachment":[{"href":"https:\/\/www.invarena.cz\/index.php?rest_route=%2Fwp%2Fv2%2Fmedia&parent=23170"}],"wp:term":[{"taxonomy":"category","embeddable":true,"href":"https:\/\/www.invarena.cz\/index.php?rest_route=%2Fwp%2Fv2%2Fcategories&post=23170"},{"taxonomy":"post_tag","embeddable":true,"href":"https:\/\/www.invarena.cz\/index.php?rest_route=%2Fwp%2Fv2%2Ftags&post=23170"}],"curies":[{"name":"wp","href":"https:\/\/api.w.org\/{rel}","templated":true}]}}