{"id":23171,"date":"2015-10-21T00:09:59","date_gmt":"2015-10-20T22:09:59","guid":{"rendered":"http:\/\/www.invarena.cz\/?p=23171"},"modified":"2015-10-21T14:59:51","modified_gmt":"2015-10-21T12:59:51","slug":"v-iraku-se-od-zari-nakazilo-cholerou-1800-lidi","status":"publish","type":"post","link":"https:\/\/www.invarena.cz\/?p=23171","title":{"rendered":"V Ir\u00e1ku se od z\u00e1\u0159\u00ed nakazilo cholerou 1800 lid\u00ed"},"content":{"rendered":"<p><strong>V Ir\u00e1ku se od z\u00e1\u0159\u00ed nakazilo cholerou 1800 lid\u00ed. Nemoc, na ni\u017e od t\u00e9 doby zem\u0159elo \u0161est osob, se \u0161\u00ed\u0159\u00ed hlavn\u011b provinciemi le\u017e\u00edc\u00edmi pod\u00e9l \u0159eky Eufrat.<\/strong><!--more--><\/p>\n<p>Podle ir\u00e1ck\u00e9ho ministerstva zdravotnictv\u00ed jsou nejposti\u017een\u011bj\u0161\u00ed provincie Bagd\u00e1d a Babyl\u00f3n: v ka\u017ed\u00e9 je asi 500 nemocn\u00fdch.<br \/>\n    \u010cty\u0159i ob\u011bti zem\u0159ely pobl\u00ed\u017e m\u011bsta Ab\u00fa Ghrajb, kter\u00e9 le\u017e\u00ed z\u00e1padn\u011b od Bagd\u00e1du. Prvn\u00ed naka\u017een\u00e9 osoby jsou hl\u00e1\u0161eny tak\u00e9 ze severn\u00edch kurdsk\u00fdch provinci\u00ed Irb\u00edl a Dah\u00fak, ale n\u011bkolik z nich tam p\u0159ijelo z centra zem\u011b, kde je situace nejhor\u0161\u00ed.<br \/>\n    Naposledy cholera postihla v roce 2012 ir\u00e1ck\u00fd Kurdist\u00e1n; tehdy na ni zem\u0159ely \u010dty\u0159i osoby.<br \/>\n    Cholera se projevuje pr\u016fjmem a dehydratac\u00ed. Inkuba\u010dn\u00ed doba je od dvou do p\u011bti dn\u00ed. \u0160\u00ed\u0159\u00ed se kontaminovanou vodou a j\u00eddlem a podle \u00fa\u0159ad\u016f je za sou\u010dasnou epidemi\u00ed zne\u010di\u0161t\u011bn\u00e1 voda v Eufratu. Lid\u00e9 ji pou\u017e\u00edvaj\u00ed k zal\u00e9v\u00e1n\u00ed i pit\u00ed. <\/p>\n","protected":false},"excerpt":{"rendered":"<div class=\"mh-excerpt\"><p>V Ir\u00e1ku se od z\u00e1\u0159\u00ed nakazilo cholerou 1800 lid\u00ed. Nemoc, na ni\u017e od t\u00e9 doby zem\u0159elo \u0161est osob, se \u0161\u00ed\u0159\u00ed hlavn\u011b provinciemi le\u017e\u00edc\u00edmi pod\u00e9l \u0159eky <a class=\"mh-excerpt-more\" href=\"https:\/\/www.invarena.cz\/?p=23171\" title=\"V Ir\u00e1ku se od z\u00e1\u0159\u00ed nakazilo cholerou 1800 lid\u00ed\">[&#8230;]<\/a><\/p>\n<\/div>","protected":false},"author":1,"featured_media":0,"comment_status":"open","ping_status":"closed","sticky":false,"template":"","format":"standard","meta":{"footnotes":""},"categories":[9],"tags":[],"class_list":["post-23171","post","type-post","status-publish","format-standard","hentry","category-zpravy"],"_links":{"self":[{"href":"https:\/\/www.invarena.cz\/index.php?rest_route=\/wp\/v2\/posts\/23171","targetHints":{"allow":["GET"]}}],"collection":[{"href":"https:\/\/www.invarena.cz\/index.php?rest_route=\/wp\/v2\/posts"}],"about":[{"href":"https:\/\/www.invarena.cz\/index.php?rest_route=\/wp\/v2\/types\/post"}],"author":[{"embeddable":true,"href":"https:\/\/www.invarena.cz\/index.php?rest_route=\/wp\/v2\/users\/1"}],"replies":[{"embeddable":true,"href":"https:\/\/www.invarena.cz\/index.php?rest_route=%2Fwp%2Fv2%2Fcomments&post=23171"}],"version-history":[{"count":0,"href":"https:\/\/www.invarena.cz\/index.php?rest_route=\/wp\/v2\/posts\/23171\/revisions"}],"wp:attachment":[{"href":"https:\/\/www.invarena.cz\/index.php?rest_route=%2Fwp%2Fv2%2Fmedia&parent=23171"}],"wp:term":[{"taxonomy":"category","embeddable":true,"href":"https:\/\/www.invarena.cz\/index.php?rest_route=%2Fwp%2Fv2%2Fcategories&post=23171"},{"taxonomy":"post_tag","embeddable":true,"href":"https:\/\/www.invarena.cz\/index.php?rest_route=%2Fwp%2Fv2%2Ftags&post=23171"}],"curies":[{"name":"wp","href":"https:\/\/api.w.org\/{rel}","templated":true}]}}