{"id":23180,"date":"2015-10-21T17:56:22","date_gmt":"2015-10-21T15:56:22","guid":{"rendered":"http:\/\/www.invarena.cz\/?p=23180"},"modified":"2015-10-21T18:03:24","modified_gmt":"2015-10-21T16:03:24","slug":"krasa-termin-zvyseni-prispevku-pro-pecujici-osoby-je-ohrozeny","status":"publish","type":"post","link":"https:\/\/www.invarena.cz\/?p=23180","title":{"rendered":"Kr\u00e1sa: Term\u00edn zv\u00fd\u0161en\u00ed p\u0159\u00edsp\u011bvku pro pe\u010duj\u00edc\u00ed osoby je ohro\u017een\u00fd"},"content":{"rendered":"<p><strong>P\u0159edseda N\u00e1rodn\u00ed rady osob se zdravotn\u00edm posti\u017een\u00edm V\u00e1clav Kr\u00e1sa m\u00edn\u00ed, \u017ee je ohro\u017een term\u00edn 1. \u010dervence 2016, kdy by se m\u011bl zv\u00fd\u0161it o deset procent p\u0159\u00edsp\u011bvek lidem, kte\u0159\u00ed ode\u0161li ze zam\u011bstn\u00e1n\u00ed a pe\u010duj\u00ed o sv\u00e9 bl\u00edzk\u00e9. <\/strong><!--more--><\/p>\n<p>N\u00e1vrh novely z\u00e1kona o soci\u00e1ln\u00edch slu\u017eb\u00e1ch se zat\u00edm nedostal ani do vl\u00e1dy, p\u0159itom je zv\u00fd\u0161en\u00ed p\u0159\u00edsp\u011bvku nav\u00e1zan\u00e9 i na schv\u00e1len\u00ed st\u00e1tn\u00edho rozpo\u010dtu. P\u016fvodn\u011b Kr\u00e1sa cht\u011bl, aby se p\u0159\u00edsp\u011bvek zv\u00fd\u0161il u\u017e od ledna. \u0158ekl to dnes na brn\u011bnsk\u00e9m veletrhu Medical Fair.<br \/>\n    Zd\u016fraznil, \u017ee p\u0159\u00edsp\u011bvek, kter\u00fd \u010din\u00ed 8000 a\u017e 12.000 korun, se nezvy\u0161oval od roku 2007. Od t\u00e9 doby \u010din\u00ed inflace 17 procent a cena asistentstv\u00ed a pe\u010dovatelsk\u00fdch slu\u017eeb vzrostla z 85 na 130 korun za hodinu. &#8222;Doch\u00e1z\u00ed k hlubok\u00e9mu soci\u00e1ln\u00edmu propadu t\u011bchto lid\u00ed, situace je ostudn\u00e1. Proto mus\u00edme tvrd\u011b trvat na zv\u00fd\u0161en\u00ed. M\u00e1me p\u0159isl\u00edbeno po jedn\u00e1n\u00ed s premi\u00e9rem, ministrem financ\u00ed a ministryn\u00ed pr\u00e1ce a soci\u00e1ln\u00edch v\u011bc\u00ed, \u017ee to tak bude od 1. \u010dervence. Ale m\u00e1m velkou obavu, aby se to stihlo,&#8220; \u0159ekl Kr\u00e1sa.<br \/>\n    Upozorni na to, \u017ee sou\u010dasn\u00fd n\u00e1vrh rozpo\u010dtu s nav\u00fd\u0161en\u00edm nepo\u010d\u00edt\u00e1. &#8222;Pokud se n\u00e1vrh novely nedostane do Sn\u011bmovny do 25. listopadu, mohou pak poslanci opr\u00e1vn\u011bn\u011b nam\u00edtat, \u017ee nemohou novelu schv\u00e1lit, proto\u017ee na zv\u00fd\u0161en\u00ed p\u0159\u00edsp\u011bvku nejsou v rozpo\u010dtu pen\u00edze,&#8220; \u0159ekl Kr\u00e1sa. P\u0159ipustil sice, \u017ee pen\u00edze mohou b\u00fdt v rozpo\u010dtov\u00e9 rezerv\u011b, jen\u017ee ta se m\u016f\u017ee rozpustit na jin\u00e9 v\u011bci. &#8222;Tak\u00e9 z\u00e1sadn\u011b odm\u00edt\u00e1me snahu ministra financ\u00ed Andreje Babi\u0161e (ANO), aby se p\u0159\u00edsp\u011bvek zv\u00fd\u0161il v \u010dervenci jen o p\u011bt procent a o dal\u0161\u00edch p\u011bt procent a\u017e v lednu 2017,&#8220; doplnil Kr\u00e1sa.<br \/>\n    Dnes ve\u010der se m\u00e1 Kr\u00e1sa znovu setkat se z\u00e1stupci vl\u00e1dy a hodl\u00e1 kl\u00e1st t\u0159i po\u017eadavky. &#8222;Maxim\u00e1ln\u00ed urychlen\u00e9 projedn\u00e1v\u00e1n\u00ed z\u00e1kona, zm\u011bnu v rozpo\u010dtu, kter\u00fd by po\u010d\u00edtal s nav\u00fd\u0161en\u00ed p\u0159\u00edsp\u011bvku a tak\u00e9, aby Babi\u0161 nerozkl\u00e1dal zv\u00fd\u0161en\u00ed na dv\u011b \u010d\u00e1sti,&#8220; uvedl Kr\u00e1sa. Podle n\u011bj tak\u00e9 p\u0159i dal\u0161\u00edch snah\u00e1ch bude cht\u00edt ud\u011blat nejd\u0159\u00edve &#8222;velk\u00fd r\u00e1mus&#8220;. Ukazuje se, \u017ee kdy\u017e se chce jen jednat, jde to \u0161patn\u011b, v\u00fdsledek je neur\u010dit\u00fd a stoj\u00ed n\u00e1s to spoustu sil,&#8220; uvedl Kr\u00e1sa. Nen\u00ed podle n\u011bj d\u016fvod k tomu, aby se p\u0159\u00edsp\u011bvek nezv\u00fd\u0161il, kdy\u017e se p\u0159i hospod\u00e1\u0159sk\u00e9m r\u016fstu zvy\u0161uje p\u0159\u00edjem v\u0161em.<br \/>\n    Podle m\u00edstop\u0159edsedy Sen\u00e1tu Zde\u0148ka \u0160kromacha (\u010cSSD) je pot\u0159eba \u0159e\u0161it i soci\u00e1ln\u00ed zakotven\u00ed t\u011bch, kte\u0159\u00ed pe\u010duj\u00ed o sv\u00e9 bl\u00edzk\u00e9. &#8222;Pe\u010duj\u00edc\u00ed osoby by m\u011bly b\u00fdt odm\u011bn\u011bn\u00e9 stejn\u011b jako ostatn\u00ed za v\u00fdkon stejn\u00e9 \u010dinnosti. A nem\u011bly by se p\u0159i v\u00fdm\u011b\u0159e d\u016fchodu ocitnout na hranici chudoby. Tak\u00e9 jsou nesmysln\u00e9 sou\u010dasn\u00e9 po\u017eadavky na osobu bl\u00edzkou. Je pot\u0159eba si uv\u011bdomit, \u017ee nejde o zam\u011bstn\u00e1n\u00ed. Tito lid\u00e9 si ani nemohou vz\u00edt dovolenou nebo odej\u00edt na nemocenskou,&#8220; uvedl \u0160kromach. <\/p>\n","protected":false},"excerpt":{"rendered":"<div class=\"mh-excerpt\"><p>P\u0159edseda N\u00e1rodn\u00ed rady osob se zdravotn\u00edm posti\u017een\u00edm V\u00e1clav Kr\u00e1sa m\u00edn\u00ed, \u017ee je ohro\u017een term\u00edn 1. \u010dervence 2016, kdy by se m\u011bl zv\u00fd\u0161it o deset procent <a class=\"mh-excerpt-more\" href=\"https:\/\/www.invarena.cz\/?p=23180\" title=\"Kr\u00e1sa: Term\u00edn zv\u00fd\u0161en\u00ed p\u0159\u00edsp\u011bvku pro pe\u010duj\u00edc\u00ed osoby je ohro\u017een\u00fd\">[&#8230;]<\/a><\/p>\n<\/div>","protected":false},"author":1,"featured_media":2556,"comment_status":"open","ping_status":"closed","sticky":false,"template":"","format":"standard","meta":{"footnotes":""},"categories":[1,6],"tags":[],"class_list":["post-23180","post","type-post","status-publish","format-standard","has-post-thumbnail","hentry","category-nezarazene","category-politika"],"_links":{"self":[{"href":"https:\/\/www.invarena.cz\/index.php?rest_route=\/wp\/v2\/posts\/23180","targetHints":{"allow":["GET"]}}],"collection":[{"href":"https:\/\/www.invarena.cz\/index.php?rest_route=\/wp\/v2\/posts"}],"about":[{"href":"https:\/\/www.invarena.cz\/index.php?rest_route=\/wp\/v2\/types\/post"}],"author":[{"embeddable":true,"href":"https:\/\/www.invarena.cz\/index.php?rest_route=\/wp\/v2\/users\/1"}],"replies":[{"embeddable":true,"href":"https:\/\/www.invarena.cz\/index.php?rest_route=%2Fwp%2Fv2%2Fcomments&post=23180"}],"version-history":[{"count":0,"href":"https:\/\/www.invarena.cz\/index.php?rest_route=\/wp\/v2\/posts\/23180\/revisions"}],"wp:featuredmedia":[{"embeddable":true,"href":"https:\/\/www.invarena.cz\/index.php?rest_route=\/wp\/v2\/media\/2556"}],"wp:attachment":[{"href":"https:\/\/www.invarena.cz\/index.php?rest_route=%2Fwp%2Fv2%2Fmedia&parent=23180"}],"wp:term":[{"taxonomy":"category","embeddable":true,"href":"https:\/\/www.invarena.cz\/index.php?rest_route=%2Fwp%2Fv2%2Fcategories&post=23180"},{"taxonomy":"post_tag","embeddable":true,"href":"https:\/\/www.invarena.cz\/index.php?rest_route=%2Fwp%2Fv2%2Ftags&post=23180"}],"curies":[{"name":"wp","href":"https:\/\/api.w.org\/{rel}","templated":true}]}}