{"id":23181,"date":"2015-10-21T17:49:29","date_gmt":"2015-10-21T15:49:29","guid":{"rendered":"http:\/\/www.invarena.cz\/?p=23181"},"modified":"2015-10-21T18:04:03","modified_gmt":"2015-10-21T16:04:03","slug":"exministr-drabek-se-u-soudu-zastal-sisky-ibm-pry-byla-jedina-mozna-volba","status":"publish","type":"post","link":"https:\/\/www.invarena.cz\/?p=23181","title":{"rendered":"Exministr Dr\u00e1bek se u soudu zastal \u0160i\u0161ky, IBM pr\u00fd byla jedin\u00e1 mo\u017en\u00e1 volba"},"content":{"rendered":"<p><strong>B\u00fdval\u00fd ministr pr\u00e1ce Jarom\u00edr Dr\u00e1bek (TOP 09) se dnes u soudu zastal sv\u00e9ho n\u011bkdej\u0161\u00edho prvn\u00edho n\u00e1m\u011bstka Vladim\u00edra \u0160i\u0161ky, kter\u00fd \u010del\u00ed ob\u017ealob\u011b v souvislosti se zak\u00e1zkou na kontrolu soci\u00e1ln\u00edch d\u00e1vek.<\/strong><!--more--><\/p>\n<p>Cel\u00fd \u010dl\u00e1nek <a href=\"http:\/\/www.denik.cz\/z_domova\/exministr-drabek-se-u-soudu-zastal-sisky-ibm-pry-byla-jedina-mozna20151021.html\">ZDE<\/a><\/p>\n","protected":false},"excerpt":{"rendered":"<div class=\"mh-excerpt\"><p>B\u00fdval\u00fd ministr pr\u00e1ce Jarom\u00edr Dr\u00e1bek (TOP 09) se dnes u soudu zastal sv\u00e9ho n\u011bkdej\u0161\u00edho prvn\u00edho n\u00e1m\u011bstka Vladim\u00edra \u0160i\u0161ky, kter\u00fd \u010del\u00ed ob\u017ealob\u011b v souvislosti se zak\u00e1zkou <a class=\"mh-excerpt-more\" href=\"https:\/\/www.invarena.cz\/?p=23181\" title=\"Exministr Dr\u00e1bek se u soudu zastal \u0160i\u0161ky, IBM pr\u00fd byla jedin\u00e1 mo\u017en\u00e1 volba\">[&#8230;]<\/a><\/p>\n<\/div>","protected":false},"author":1,"featured_media":807,"comment_status":"open","ping_status":"closed","sticky":false,"template":"","format":"standard","meta":{"footnotes":""},"categories":[9],"tags":[],"class_list":["post-23181","post","type-post","status-publish","format-standard","has-post-thumbnail","hentry","category-zpravy"],"_links":{"self":[{"href":"https:\/\/www.invarena.cz\/index.php?rest_route=\/wp\/v2\/posts\/23181","targetHints":{"allow":["GET"]}}],"collection":[{"href":"https:\/\/www.invarena.cz\/index.php?rest_route=\/wp\/v2\/posts"}],"about":[{"href":"https:\/\/www.invarena.cz\/index.php?rest_route=\/wp\/v2\/types\/post"}],"author":[{"embeddable":true,"href":"https:\/\/www.invarena.cz\/index.php?rest_route=\/wp\/v2\/users\/1"}],"replies":[{"embeddable":true,"href":"https:\/\/www.invarena.cz\/index.php?rest_route=%2Fwp%2Fv2%2Fcomments&post=23181"}],"version-history":[{"count":0,"href":"https:\/\/www.invarena.cz\/index.php?rest_route=\/wp\/v2\/posts\/23181\/revisions"}],"wp:featuredmedia":[{"embeddable":true,"href":"https:\/\/www.invarena.cz\/index.php?rest_route=\/wp\/v2\/media\/807"}],"wp:attachment":[{"href":"https:\/\/www.invarena.cz\/index.php?rest_route=%2Fwp%2Fv2%2Fmedia&parent=23181"}],"wp:term":[{"taxonomy":"category","embeddable":true,"href":"https:\/\/www.invarena.cz\/index.php?rest_route=%2Fwp%2Fv2%2Fcategories&post=23181"},{"taxonomy":"post_tag","embeddable":true,"href":"https:\/\/www.invarena.cz\/index.php?rest_route=%2Fwp%2Fv2%2Ftags&post=23181"}],"curies":[{"name":"wp","href":"https:\/\/api.w.org\/{rel}","templated":true}]}}