{"id":23195,"date":"2015-10-22T10:54:05","date_gmt":"2015-10-22T08:54:05","guid":{"rendered":"http:\/\/www.invarena.cz\/?p=23195"},"modified":"2015-10-22T10:54:05","modified_gmt":"2015-10-22T08:54:05","slug":"starsi-muz-je-obvinen-ze-okradal-postizene","status":"publish","type":"post","link":"https:\/\/www.invarena.cz\/?p=23195","title":{"rendered":"Star\u0161\u00ed mu\u017e je obvin\u011bn, \u017ee okr\u00e1dal posti\u017een\u00e9"},"content":{"rendered":"<p><strong>Neopr\u00e1vn\u011bn\u011b pob\u00edral p\u0159\u00edsp\u011bvek na zam\u011bstnance se zdravotn\u00edm posti\u017een\u00edm, tak lze shrnout podvodn\u00e9 jedn\u00e1n\u00ed mu\u017ee, kter\u00e9mu hroz\u00ed osmilet\u00e9 v\u011bzen\u00ed.<\/strong> <!--more--><\/p>\n<p>\u00dast\u00ed nad Labem \u2013 &#8222;Policejn\u00ed komisa\u0159 zah\u00e1jil trestn\u00ed st\u00edh\u00e1n\u00ed mu\u017ee (51) z dota\u010dn\u00edho podvodu. Obvin\u011bn\u00fd b\u011bhem zhruba p\u011bti let jako podnikatel p\u00edsemn\u011b \u017e\u00e1dal \u00da\u0159ad pr\u00e1ce o p\u0159\u00edsp\u011bvek na podporu zam\u011bstn\u00e1v\u00e1n\u00ed osob se zdravotn\u00edm posti\u017een\u00edm. \u017d\u00e1dost dolo\u017eil jmenn\u00fdm seznamem \u010dty\u0159 osob, kde uvedl nepravdiv\u00e9 \u00fadaje o mzdov\u00fdch n\u00e1kladech na zam\u011bstnance,&#8220; uvedla k p\u0159\u00edpadu Veronika Hy\u0161plerov\u00e1 z \u00fasteck\u00e9 policie.<\/p>\n<p>Dostali t\u0159etinu<\/p>\n<p>Vyplacen\u00fd p\u0159\u00edsp\u011bvek na mzdu si podnikatel z v\u011bt\u0161\u00ed \u010d\u00e1sti nech\u00e1val. Zam\u011bstnanc\u016fm d\u00e1val nanejv\u00fd\u0161e t\u0159etinu poskytnut\u00e9 \u010d\u00e1stky.<\/p>\n<p>&#8222;T\u00edm invalidy po dobu n\u011bkolika let okr\u00e1dal. Vzhledem k jejich posti\u017een\u00ed si tito zam\u011bstnanci ni\u010deho nebyli v\u011bdomi a &#8222;lidsk\u00e9 hyen\u011b&#8220; p\u0159ib\u00fdvaly na kont\u011b pen\u00edze,&#8220; dodala Hy\u0161plerov\u00e1.<\/p>\n<p>Nejen, \u017ee mu\u017e sv\u00fdm cynick\u00fdm podnik\u00e1n\u00edm zp\u016fsobil celkovou \u0161kodu kolem 904 tis\u00edc korun. Krom\u011b toho mu hroz\u00ed trest odn\u011bt\u00ed svobody a\u017e do v\u00fd\u0161e 8 let.<\/p>\n<p>Lze p\u0159edpokl\u00e1dat, \u017ee policie do konce roku zaznamen\u00e1 na dv\u011b des\u00edtky dota\u010dn\u00edch podvod\u016f na severu \u010cech. Za t\u0159i \u010dtvrtlet\u00ed roku v Libereck\u00e9m kraji zaznamenala policie 5 p\u0159\u00edpad\u016f a v \u00dasteck\u00e9m kraji 10.<\/p>\n<p>Libereck\u00fd den\u00edk<br \/>\n<a href=\"http:\/\/www.liberecky.denik.cz\/\">http:\/\/www.liberecky.denik.cz\/<\/a><\/p>\n","protected":false},"excerpt":{"rendered":"<div class=\"mh-excerpt\"><p>Neopr\u00e1vn\u011bn\u011b pob\u00edral p\u0159\u00edsp\u011bvek na zam\u011bstnance se zdravotn\u00edm posti\u017een\u00edm, tak lze shrnout podvodn\u00e9 jedn\u00e1n\u00ed mu\u017ee, kter\u00e9mu hroz\u00ed osmilet\u00e9 v\u011bzen\u00ed.<\/p>\n<\/div>","protected":false},"author":1,"featured_media":19225,"comment_status":"open","ping_status":"closed","sticky":false,"template":"","format":"standard","meta":{"footnotes":""},"categories":[9],"tags":[],"class_list":["post-23195","post","type-post","status-publish","format-standard","has-post-thumbnail","hentry","category-zpravy"],"_links":{"self":[{"href":"https:\/\/www.invarena.cz\/index.php?rest_route=\/wp\/v2\/posts\/23195","targetHints":{"allow":["GET"]}}],"collection":[{"href":"https:\/\/www.invarena.cz\/index.php?rest_route=\/wp\/v2\/posts"}],"about":[{"href":"https:\/\/www.invarena.cz\/index.php?rest_route=\/wp\/v2\/types\/post"}],"author":[{"embeddable":true,"href":"https:\/\/www.invarena.cz\/index.php?rest_route=\/wp\/v2\/users\/1"}],"replies":[{"embeddable":true,"href":"https:\/\/www.invarena.cz\/index.php?rest_route=%2Fwp%2Fv2%2Fcomments&post=23195"}],"version-history":[{"count":0,"href":"https:\/\/www.invarena.cz\/index.php?rest_route=\/wp\/v2\/posts\/23195\/revisions"}],"wp:featuredmedia":[{"embeddable":true,"href":"https:\/\/www.invarena.cz\/index.php?rest_route=\/wp\/v2\/media\/19225"}],"wp:attachment":[{"href":"https:\/\/www.invarena.cz\/index.php?rest_route=%2Fwp%2Fv2%2Fmedia&parent=23195"}],"wp:term":[{"taxonomy":"category","embeddable":true,"href":"https:\/\/www.invarena.cz\/index.php?rest_route=%2Fwp%2Fv2%2Fcategories&post=23195"},{"taxonomy":"post_tag","embeddable":true,"href":"https:\/\/www.invarena.cz\/index.php?rest_route=%2Fwp%2Fv2%2Ftags&post=23195"}],"curies":[{"name":"wp","href":"https:\/\/api.w.org\/{rel}","templated":true}]}}