{"id":23199,"date":"2015-10-22T11:13:34","date_gmt":"2015-10-22T09:13:34","guid":{"rendered":"http:\/\/www.invarena.cz\/?p=23199"},"modified":"2015-10-22T11:13:34","modified_gmt":"2015-10-22T09:13:34","slug":"vzpominky-na-hezky-pobyt-ve-velkem-mederu","status":"publish","type":"post","link":"https:\/\/www.invarena.cz\/?p=23199","title":{"rendered":"Vzpom\u00ednky na hezk\u00fd pobyt ve Ve\u013ek\u00e9m Mederu"},"content":{"rendered":"<p><strong>Jako ka\u017ed\u00fdm rokem i letos z\u016fstal novopack\u00fd Svaz t\u011blesn\u011b posti\u017een\u00fdch, d\u00edky jeho jednatelce Milu\u0161i L\u00edbalov\u00e9, op\u011bt v\u011brn\u00fd pobytu ve\u00a0Ve\u013ek\u00e9m Mederu na Slovensku a jeho are\u00e1lu term\u00e1ln\u00edch koupel\u00ed.<\/strong> <!--more--><\/p>\n<p>Nov\u00e1 Paka \/ Slovensko \u2013 Toto v\u00fdborn\u00e9 z\u00e1zem\u00ed, kter\u00e9 bylo otev\u0159eno v roce 1974, poskytuje celoro\u010dn\u00ed slu\u017eby ve sv\u00e9m are\u00e1lu s vnit\u0159n\u00edmi i vn\u011bj\u0161\u00edmi baz\u00e9ny s teplotou vody 36 \u2013 38 \u00b0C. Tato voda p\u0159\u00edzniv\u011b p\u016fsob\u00ed na kloubn\u00ed poruchy, nemoci p\u00e1te\u0159e, sval\u016f a celkov\u011b p\u0159\u00edzniv\u011b p\u016fsob\u00ed na regeneraci organismu. Term\u00e1ln\u00ed pramen m\u00e1 specifick\u00e9 geoterm\u00e1ln\u00ed slo\u017een\u00ed, na z\u00e1klad\u011b kter\u00e9ho m\u00e1 blahod\u00e1rn\u00e9 a l\u00e9\u010debn\u00e9 \u00fa\u010dinky. Obsahuje Na, K, NH4, Fe, Ca2+, Mg2+, NO3, Cl.<\/p>\n<p>Term\u00e1ln\u00ed prameny vyv\u011braj\u00ed z hloubky cca 1500 m o teplot\u011b 56\u2013 76,5\u00b0C. Tato teplota je sni\u017eov\u00e1na v z\u00e1vislosti na druhu baz\u00e9nu na 23\u00b0C \u2013 38\u00b0C. Ve\u013ek\u00fd Meder, b\u00fdval\u00e9 \u010calovo, se nach\u00e1z\u00ed v regionu \u017ditn\u00e9ho ostrova, na trase mezi Bratislavou a Kom\u00e1rnem. V okol\u00ed je mo\u017enost v\u00fdlet\u016f i do bl\u00edzk\u00e9ho Ma\u010farska. Term\u00e1ln\u00ed koupali\u0161t\u011b le\u017e\u00ed v lesoparku o rozloze 20 ha. N\u011bkolik kryt\u00fdch a venkovn\u00edch baz\u00e9n\u016f s term\u00e1ln\u00ed vodou obsahuje zna\u010dn\u00e9 mno\u017estv\u00ed r\u016fzn\u00fdch miner\u00e1l\u016f p\u016fsob\u00edch jako balz\u00e1m nejen na t\u011blo, ale sv\u00fdm prost\u0159ed\u00edm i na du\u0161i. Toto z\u00e1zem\u00ed je opravdov\u00fdm r\u00e1jem nejen pro t\u011blesn\u011b posti\u017een\u00e9, kter\u00fdm d\u011bl\u00e1 norm\u00e1ln\u00ed pohyb na sou\u0161i n\u011bkdy zna\u010dn\u00e9 pot\u00ed\u017ee, ale i pro penzisty i b\u011b\u017en\u00e9 ob\u010dany, proto\u017ee cenov\u00e9 relace na Slovensku jsou pro n\u00e1s st\u00e1le p\u0159\u00edzniv\u00e9.<\/p>\n<p>Spojen\u00ed s v\u00fdletem<\/p>\n<p>P\u0159i cest\u011b na Slovensko v prv\u00e9 polovin\u011b z\u00e1\u0159\u00ed t\u011blesn\u011b posti\u017een\u00ed spojili, jak ji\u017e b\u00fdv\u00e1 pravidlem, p\u0159\u00edjemn\u00e9 s u\u017eite\u010dn\u00fdm a zastavili se na prohl\u00eddku z\u00e1mku Lysice nach\u00e1zej\u00edc\u00edm se v okol\u00ed Brna. Tato barokn\u00ed stavba na m\u00edst\u011b renesan\u010dn\u00ed vodn\u00ed tvrze, upravovan\u00e1 je\u0161t\u011b po\u010d\u00e1tkem 19. stolet\u00ed, vynik\u00e1 skvostn\u00fdmi a bohat\u011b za\u0159\u00edzen\u00fdmi interi\u00e9ry. Ty p\u0159edstavuj\u00ed n\u00e1v\u0161t\u011bvn\u00edk\u016fm \u017eivotn\u00ed prost\u0159ed\u00ed a styl p\u0159edn\u00ed moravsk\u00e9 hrab\u011bc\u00ed rodiny Dubsk\u00fdch z T\u0159ebomyslic.<\/p>\n<p>Dvaapades\u00e1t lid\u00ed leto\u0161n\u00edho z\u00e1jezdu bylo ubytov\u00e1no k pln\u00e9 spokojenosti v chatk\u00e1ch a v apartm\u00e1nech s ve\u0161ker\u00fdm vybaven\u00edm pro denn\u00ed hygienu a kuchy\u0148kou. Vzd\u00e1lenost od ubytov\u00e1n\u00ed do are\u00e1lu term\u00e1ln\u00edch koupel\u00ed byla p\u0159ijateln\u00e1 a p\u0159i zp\u00e1te\u010dn\u00ed cest\u011b m\u011bli lid\u00e9 je\u0161t\u011b mo\u017enosti n\u00e1kupu v r\u016fzn\u00fdch st\u00e1nc\u00edch. Stravov\u00e1n\u00ed v prostoru term\u00e1ln\u00edch baz\u00e9n\u016f zaji\u0161\u0165uje velk\u00e9 mno\u017estv\u00ed bufet\u016f a restaurac\u00ed s r\u016fznou nab\u00eddkou j\u00eddel. V are\u00e1lu je i sauna, sol\u00e1rium, mas\u00e1\u017ee, minigolf, tenisov\u00fd kurt, volejbalov\u00e9 h\u0159i\u0161t\u011b a fitness.<\/p>\n<p>Ve\u013ek\u00fd Meder se st\u00e1v\u00e1 nejen v z\u00e1\u0159ijov\u00fdch dnech o\u00e1zou i pro dal\u0161\u00ed v\u00fdpravy z \u010cech. N\u00e1v\u0161t\u011bvn\u00edci toto ro\u010dn\u00ed obdob\u00ed vyhled\u00e1vaj\u00ed zvl\u00e1\u0161t\u011b z d\u016fvodu ni\u017e\u0161\u00ed n\u00e1v\u0161t\u011bvnosti. Spokojenost s leto\u0161n\u00ed n\u00e1v\u0161t\u011bvou dokumentovali \u00fa\u010dastn\u00edci z\u00e1jezdu, kte\u0159\u00ed se ji\u017e zaj\u00edmali o term\u00edn z\u00e1jezdu do Ve\u013ek\u00e9ho Mederu v p\u0159\u00ed\u0161t\u00edm roce.<\/p>\n<p>M\u00edla Pour<br \/>\nJi\u010d\u00ednsk\u00fd den\u00edk<br \/>\n<a href=\"http:\/\/jicinsky.denik.cz\/\">http:\/\/jicinsky.denik.cz\/<\/a><\/p>\n","protected":false},"excerpt":{"rendered":"<div class=\"mh-excerpt\"><p>Jako ka\u017ed\u00fdm rokem i letos z\u016fstal novopack\u00fd Svaz t\u011blesn\u011b posti\u017een\u00fdch, d\u00edky jeho jednatelce Milu\u0161i L\u00edbalov\u00e9, op\u011bt v\u011brn\u00fd pobytu ve\u00a0Ve\u013ek\u00e9m Mederu na Slovensku a jeho are\u00e1lu <a class=\"mh-excerpt-more\" href=\"https:\/\/www.invarena.cz\/?p=23199\" title=\"Vzpom\u00ednky na hezk\u00fd pobyt ve Ve\u013ek\u00e9m Mederu\">[&#8230;]<\/a><\/p>\n<\/div>","protected":false},"author":1,"featured_media":7087,"comment_status":"open","ping_status":"closed","sticky":false,"template":"","format":"standard","meta":{"footnotes":""},"categories":[9],"tags":[],"class_list":["post-23199","post","type-post","status-publish","format-standard","has-post-thumbnail","hentry","category-zpravy"],"_links":{"self":[{"href":"https:\/\/www.invarena.cz\/index.php?rest_route=\/wp\/v2\/posts\/23199","targetHints":{"allow":["GET"]}}],"collection":[{"href":"https:\/\/www.invarena.cz\/index.php?rest_route=\/wp\/v2\/posts"}],"about":[{"href":"https:\/\/www.invarena.cz\/index.php?rest_route=\/wp\/v2\/types\/post"}],"author":[{"embeddable":true,"href":"https:\/\/www.invarena.cz\/index.php?rest_route=\/wp\/v2\/users\/1"}],"replies":[{"embeddable":true,"href":"https:\/\/www.invarena.cz\/index.php?rest_route=%2Fwp%2Fv2%2Fcomments&post=23199"}],"version-history":[{"count":0,"href":"https:\/\/www.invarena.cz\/index.php?rest_route=\/wp\/v2\/posts\/23199\/revisions"}],"wp:featuredmedia":[{"embeddable":true,"href":"https:\/\/www.invarena.cz\/index.php?rest_route=\/wp\/v2\/media\/7087"}],"wp:attachment":[{"href":"https:\/\/www.invarena.cz\/index.php?rest_route=%2Fwp%2Fv2%2Fmedia&parent=23199"}],"wp:term":[{"taxonomy":"category","embeddable":true,"href":"https:\/\/www.invarena.cz\/index.php?rest_route=%2Fwp%2Fv2%2Fcategories&post=23199"},{"taxonomy":"post_tag","embeddable":true,"href":"https:\/\/www.invarena.cz\/index.php?rest_route=%2Fwp%2Fv2%2Ftags&post=23199"}],"curies":[{"name":"wp","href":"https:\/\/api.w.org\/{rel}","templated":true}]}}