{"id":23200,"date":"2015-10-22T11:17:48","date_gmt":"2015-10-22T09:17:48","guid":{"rendered":"http:\/\/www.invarena.cz\/?p=23200"},"modified":"2015-10-22T11:17:48","modified_gmt":"2015-10-22T09:17:48","slug":"vozickari-vyrazi-potreti-na-molo-zahraje-voxel","status":"publish","type":"post","link":"https:\/\/www.invarena.cz\/?p=23200","title":{"rendered":"Voz\u00ed\u010dk\u00e1\u0159i vyraz\u00ed pot\u0159et\u00ed na molo, zahraje Voxel"},"content":{"rendered":"<p><strong>Modelov\u00e9 a modelky na voz\u00edku se sejdou se zdrav\u00fdmi kolegy na m\u00f3dn\u00ed p\u0159ehl\u00eddce Elegance bez bari\u00e9r v Rychnov\u011b nad Kn\u011b\u017enou dnes v 19 hodin v tamn\u00edm Spole\u010densk\u00e9m centru. Charitativn\u00ed ve\u010der tentokr\u00e1t pom\u016f\u017ee rodin\u011b V\u00edtkov\u00fdch.<\/strong><!--more--><\/p>\n<p>RYCHNOV NAD KN\u011a\u017dNOU &#8222;Chyst\u00e1me m\u00f3dn\u00ed p\u0159ehl\u00eddku, tanec, kapely i zn\u00e1m\u00e9 osobnosti. L\u00edstky u\u017e jsou vyprod\u00e1ny a v s\u00e1le bude lid\u00ed a\u017e po strop,&#8220; \u0159\u00edk\u00e1 Ji\u0159\u00ed Rejf\u00ed\u0159.<\/p>\n<p>N\u00e1v\u0161t\u011bvn\u00edky \u010dekaj\u00ed p\u00edsni\u010dky Martina \u0160afa\u0159\u00edka nebo kapela Voxel. \u00da\u010dast p\u0159isl\u00edbil leto\u0161n\u00ed mu\u017e roku Jakub Kraus i jeho p\u0159edch\u016fdci Tom\u00e1\u0161 Dumbrovsk\u00fd \u010di Milan Sou\u010dek, na mole se objev\u00ed i prvn\u00ed \u010desk\u00e1 miss Earth Tereza Fajksov\u00e1.<\/p>\n<p>N\u00e1vrh\u00e1\u0159ka Marta Musilov\u00e1 v\u011bnovala kousek ze sv\u00e9 d\u00edlny do internetov\u00e9 dra\u017eby.<\/p>\n<p>Po\u0159adatel\u00e9 se rozhodli letos pomoci V\u00edtkov\u00fdm, mamince se dv\u011bma syny. \u017dij\u00ed v pronajat\u00e9m byt\u011b, b\u00fdval\u00fd man\u017eel neplat\u00ed v\u00fd\u017eivn\u00e9 a star\u0161\u00ed syn L\u00e1\u010fa je v\u00e1\u017en\u011b nemocn\u00fd, tak\u017ee maminka nem\u016f\u017ee chodit do pr\u00e1ce, star\u00e1 se o n\u011bj a rodina je z\u00e1visl\u00e1 jen na soci\u00e1ln\u00edch d\u00e1vk\u00e1ch. L\u00e1\u010fa je nyn\u00ed \u017e\u00e1kem osm\u00e9 t\u0159\u00eddy. Narodil se jako zdrav\u00e9 d\u00edt\u011b, ale postupn\u011b u n\u011bj l\u00e9ka\u0159i diagnostikovali z\u00e1va\u017en\u00e9 neurodegenerativn\u00ed onemocn\u011bn\u00ed, senzitivn\u011b motorickou polyneuropatii, kter\u00e1 se projevuje probl\u00e9my s ch\u016fz\u00ed. Od osmi let je odk\u00e1zan\u00fd na voz\u00edk, p\u0159ed necel\u00fdm rokem mu p\u0159ibyla je\u0161t\u011b vz\u00e1cn\u00e1 porucha polyk\u00e1n\u00ed. Jeho onemocn\u011bn\u00ed se st\u00e1le zhor\u0161uje. Pen\u00edze by rodina vyu\u017eila na speci\u00e1ln\u00ed polohovac\u00ed l\u016f\u017eko, vybaven\u00ed pokoje, dotykov\u00fd po\u010d\u00edta\u010d nebo na pedagogick\u00e9ho asistenta, a\u017e chlapec p\u0159ejde na st\u0159edn\u00ed \u0161kolu.<\/p>\n<p>Mlad\u00e1 fronta DNES<\/p>\n","protected":false},"excerpt":{"rendered":"<div class=\"mh-excerpt\"><p>Modelov\u00e9 a modelky na voz\u00edku se sejdou se zdrav\u00fdmi kolegy na m\u00f3dn\u00ed p\u0159ehl\u00eddce Elegance bez bari\u00e9r v Rychnov\u011b nad Kn\u011b\u017enou dnes v 19 hodin v <a class=\"mh-excerpt-more\" href=\"https:\/\/www.invarena.cz\/?p=23200\" title=\"Voz\u00ed\u010dk\u00e1\u0159i vyraz\u00ed pot\u0159et\u00ed na molo, zahraje Voxel\">[&#8230;]<\/a><\/p>\n<\/div>","protected":false},"author":1,"featured_media":1182,"comment_status":"open","ping_status":"closed","sticky":false,"template":"","format":"standard","meta":{"footnotes":""},"categories":[9],"tags":[],"class_list":["post-23200","post","type-post","status-publish","format-standard","has-post-thumbnail","hentry","category-zpravy"],"_links":{"self":[{"href":"https:\/\/www.invarena.cz\/index.php?rest_route=\/wp\/v2\/posts\/23200","targetHints":{"allow":["GET"]}}],"collection":[{"href":"https:\/\/www.invarena.cz\/index.php?rest_route=\/wp\/v2\/posts"}],"about":[{"href":"https:\/\/www.invarena.cz\/index.php?rest_route=\/wp\/v2\/types\/post"}],"author":[{"embeddable":true,"href":"https:\/\/www.invarena.cz\/index.php?rest_route=\/wp\/v2\/users\/1"}],"replies":[{"embeddable":true,"href":"https:\/\/www.invarena.cz\/index.php?rest_route=%2Fwp%2Fv2%2Fcomments&post=23200"}],"version-history":[{"count":0,"href":"https:\/\/www.invarena.cz\/index.php?rest_route=\/wp\/v2\/posts\/23200\/revisions"}],"wp:featuredmedia":[{"embeddable":true,"href":"https:\/\/www.invarena.cz\/index.php?rest_route=\/wp\/v2\/media\/1182"}],"wp:attachment":[{"href":"https:\/\/www.invarena.cz\/index.php?rest_route=%2Fwp%2Fv2%2Fmedia&parent=23200"}],"wp:term":[{"taxonomy":"category","embeddable":true,"href":"https:\/\/www.invarena.cz\/index.php?rest_route=%2Fwp%2Fv2%2Fcategories&post=23200"},{"taxonomy":"post_tag","embeddable":true,"href":"https:\/\/www.invarena.cz\/index.php?rest_route=%2Fwp%2Fv2%2Ftags&post=23200"}],"curies":[{"name":"wp","href":"https:\/\/api.w.org\/{rel}","templated":true}]}}