{"id":23207,"date":"2015-10-26T07:10:59","date_gmt":"2015-10-26T06:10:59","guid":{"rendered":"http:\/\/www.invarena.cz\/?p=23207"},"modified":"2015-10-26T07:10:59","modified_gmt":"2015-10-26T06:10:59","slug":"chranena-pracovni-mista-vraceji-do-zivota","status":"publish","type":"post","link":"https:\/\/www.invarena.cz\/?p=23207","title":{"rendered":"Chr\u00e1n\u011bn\u00e1 pracovn\u00ed m\u00edsta vracej\u00ed do \u017eivota"},"content":{"rendered":"<p><strong>Lid\u00e9 s posti\u017een\u00edm, a\u0165 u\u017e fyzick\u00fdm \u010di ment\u00e1ln\u00edm, maj\u00ed krom\u011b ur\u010dit\u00e9ho vy\u0159azen\u00ed ze spole\u010dnosti tak\u00e9 \u010dasto probl\u00e9m sehnat pr\u00e1ci.<\/strong><!--more--><\/p>\n<p>ilustra\u010dn\u00ed foto: creativist collective \/ Flickr.com<\/p>\n<p>Ministerstvo pr\u00e1ce a soci\u00e1ln\u00edch v\u011bc\u00ed prost\u0159ednictv\u00edm \u00fa\u0159ad\u016f pr\u00e1ce vytv\u00e1\u0159\u00ed pro tyto jedince pracovn\u00ed m\u00edsta. \u010cty\u0159i takov\u00e1 vznikla v l\u00e9t\u011b na ekologick\u00e9 Farm\u011b Kozodoj ve Star\u00e9 Roli. Po \u010dtvrt roce jejich fungov\u00e1n\u00ed lze \u0159\u00edci, \u017ee jsou velk\u00fdm p\u0159\u00ednosem jak pro farmu, tak hlavn\u011b pro samotn\u00e9 hendikepovan\u00e9 pacienty.<br \/>\nMajitelka Kozodoje Pavl\u00edna \u0160tyndlov\u00e1 d\u00edky osobn\u00ed zku\u0161enosti z rodiny trvala na vytvo\u0159en\u00ed t\u011bchto pracovn\u00edch m\u00edst na sv\u00e9 farm\u011b pro speci\u00e1ln\u00ed okruh posti\u017een\u00fdch. &#8222;Cht\u011bli jsme, aby pracovn\u00edci spl\u0148ovali podm\u00ednku t\u0159et\u00edho invalidn\u00edho stupn\u011b. V Karlovarsk\u00e9m kraji neexistuj\u00ed \u017e\u00e1dn\u00e1 chr\u00e1n\u011bn\u00e1 pracovn\u00ed m\u00edsta pro lidi, kte\u0159\u00ed maj\u00ed du\u0161evn\u00ed onemocn\u011bn\u00ed ze schizofrenn\u00edho okruhu,&#8220; \u0159ekla \u0160tyndlov\u00e1.<br \/>\nOd prvn\u00edho \u010dervence jsou na Kozodoji ka\u017ed\u00fd v\u0161edn\u00ed den zam\u011bstnan\u00ed \u010dty\u0159i lid\u00e9 s diagn\u00f3zou onemocn\u011bn\u00ed ze schizofrenn\u00edho okruhu.<br \/>\n&#8222;Zat\u00edm byla vytvo\u0159ena dv\u011b cel\u00e1 pracovn\u00ed m\u00edsta. Financuje je \u00fa\u0159ad pr\u00e1ce. D\u011bl\u00ed se o n\u011b aktu\u00e1ln\u011b \u010dty\u0159i pracovn\u00edci. Pokud se projekt osv\u011bd\u010d\u00ed a bude klapat i nad\u00e1le tak perfektn\u011b jako doposud, uva\u017eujeme v\u00fdhledov\u011b o dal\u0161\u00edm m\u00edst\u011b, co\u017e znamen\u00e1 p\u0159ijet\u00ed dal\u0161\u00edch dvou pracovn\u00edk\u016f na p\u016fl \u00favazku,&#8220; uvedla \u0160tyndlov\u00e1. O pr\u00e1ci na farm\u011b je velk\u00fd z\u00e1jem, kozodoj\u0161t\u00ed maj\u00ed i jak\u00fdsi po\u0159adn\u00edk n\u00e1hradn\u00edk\u016f. Aktu\u00e1ln\u011b jsou na farm\u011b t\u0159i mu\u017ei a jedna \u017eena.<br \/>\nTito \u010dty\u0159i chr\u00e1n\u011bnci, jak jsou pracovn\u00edci s du\u0161evn\u00edm posti\u017een\u00edm na farm\u011b naz\u00fdv\u00e1ni, chod\u00ed do pr\u00e1ce na osmou, odch\u00e1zej\u00ed v poledne. Zast\u00e1vaj\u00ed b\u011b\u017enou pr\u00e1ci kolem zv\u00ed\u0159at, pom\u00e1haj\u00ed s krmen\u00edm, obstar\u00e1vaj\u00ed \u00faklid ohrad a cel\u00e9ho are\u00e1lu farmy. &#8222;Nep\u016fsob\u00ed na n\u011b stresov\u00fd faktor, jeliko\u017e vykon\u00e1vaj\u00ed klidn\u00e9 rukod\u011bln\u00e9 \u010dinnosti. Pracuj\u00ed v kolektivu i samostatn\u011b a maj\u00ed neust\u00e1l\u00fd kontakt se zv\u00ed\u0159aty,&#8220; pokra\u010duje \u0160tyndlov\u00e1. Jej\u00ed slova potvrzuje i psychiatr Petr Kalina. Tak\u00e9 jeho pacienti nyn\u00ed pracuj\u00ed na Kozodoji. &#8222;V r\u00e1mci komplexn\u00edho resocializa\u010dn\u00edho programu pr\u00e1ce na farm\u011b u t\u011bchto diagn\u00f3z z velk\u00e9 v\u011bt\u0161iny p\u0159\u00ednos m\u00e1.&#8220;<br \/>\nPracovn\u00edci do Star\u00e9 Role doj\u00ed\u017ed\u011bj\u00ed z okol\u00ed Karlov\u00fdch Var\u016f. Jsou ve v\u011bku kolem t\u0159iceti let, sv\u00e9 onemocn\u011bn\u00ed v\u011bt\u0161inou z\u00edskali a\u017e postupem \u010dasu, nap\u0159\u00edklad na vojn\u011b. V\u011bt\u0161inou nemaj\u00ed sv\u00e9 vlastn\u00ed rodiny ani d\u011bti, pr\u00e1ce na farm\u011b je pro n\u011b tedy obrovsk\u00fdm krokem zp\u011bt do norm\u00e1ln\u00edho \u017eivota.<\/p>\n<p>ZDE\u0147KA NEWIAKOV\u00c1<br \/>\nKarlovarsk\u00fd den\u00edk<br \/>\n<a href=\"http:\/\/karlovarsky.denik.cz\/\">http:\/\/karlovarsky.denik.cz\/<\/a><\/p>\n","protected":false},"excerpt":{"rendered":"<div class=\"mh-excerpt\"><p>Lid\u00e9 s posti\u017een\u00edm, a\u0165 u\u017e fyzick\u00fdm \u010di ment\u00e1ln\u00edm, maj\u00ed krom\u011b ur\u010dit\u00e9ho vy\u0159azen\u00ed ze spole\u010dnosti tak\u00e9 \u010dasto probl\u00e9m sehnat pr\u00e1ci.<\/p>\n<\/div>","protected":false},"author":1,"featured_media":17403,"comment_status":"open","ping_status":"closed","sticky":false,"template":"","format":"standard","meta":{"footnotes":""},"categories":[7,9],"tags":[],"class_list":["post-23207","post","type-post","status-publish","format-standard","has-post-thumbnail","hentry","category-spolecnost","category-zpravy"],"_links":{"self":[{"href":"https:\/\/www.invarena.cz\/index.php?rest_route=\/wp\/v2\/posts\/23207","targetHints":{"allow":["GET"]}}],"collection":[{"href":"https:\/\/www.invarena.cz\/index.php?rest_route=\/wp\/v2\/posts"}],"about":[{"href":"https:\/\/www.invarena.cz\/index.php?rest_route=\/wp\/v2\/types\/post"}],"author":[{"embeddable":true,"href":"https:\/\/www.invarena.cz\/index.php?rest_route=\/wp\/v2\/users\/1"}],"replies":[{"embeddable":true,"href":"https:\/\/www.invarena.cz\/index.php?rest_route=%2Fwp%2Fv2%2Fcomments&post=23207"}],"version-history":[{"count":0,"href":"https:\/\/www.invarena.cz\/index.php?rest_route=\/wp\/v2\/posts\/23207\/revisions"}],"wp:featuredmedia":[{"embeddable":true,"href":"https:\/\/www.invarena.cz\/index.php?rest_route=\/wp\/v2\/media\/17403"}],"wp:attachment":[{"href":"https:\/\/www.invarena.cz\/index.php?rest_route=%2Fwp%2Fv2%2Fmedia&parent=23207"}],"wp:term":[{"taxonomy":"category","embeddable":true,"href":"https:\/\/www.invarena.cz\/index.php?rest_route=%2Fwp%2Fv2%2Fcategories&post=23207"},{"taxonomy":"post_tag","embeddable":true,"href":"https:\/\/www.invarena.cz\/index.php?rest_route=%2Fwp%2Fv2%2Ftags&post=23207"}],"curies":[{"name":"wp","href":"https:\/\/api.w.org\/{rel}","templated":true}]}}