{"id":23268,"date":"2015-10-28T09:03:25","date_gmt":"2015-10-28T08:03:25","guid":{"rendered":"http:\/\/www.invarena.cz\/?p=23268"},"modified":"2015-10-28T09:03:25","modified_gmt":"2015-10-28T08:03:25","slug":"nemecka-policie-dopadla-pet-muzu-kteri-uprchli-z-ustavu","status":"publish","type":"post","link":"https:\/\/www.invarena.cz\/?p=23268","title":{"rendered":"N\u011bmeck\u00e1 policie dopadla p\u011bt mu\u017e\u016f, kte\u0159\u00ed uprchli z \u00fastavu"},"content":{"rendered":"<p><strong>P\u011bt pacient\u016f deten\u010dn\u00edho \u00fastavu v severon\u011bmeck\u00e9m Brauelu, kte\u0159\u00ed v pond\u011bl\u00ed p\u0159emohli zam\u011bstnance za\u0159\u00edzen\u00ed a uprchli, u\u017e je op\u011bt za m\u0159\u00ed\u017eemi. S odvol\u00e1n\u00edm na m\u00edstn\u00ed policii o tom dnes informovala agentura DPA. <\/strong><!--more--><\/p>\n<p>Zvl\u00e1\u0161tn\u00ed policejn\u00ed komando mlad\u00edky ve v\u011bku 22 a\u017e 28 let zadr\u017eelo v noci na dne\u0161ek asi 120 kilometr\u016f od \u00fastavu.<br \/>\n    Mlad\u00ed trestanci poch\u00e1zej\u00edc\u00ed \u00fadajn\u011b &#8222;z drogov\u00e9 sc\u00e9ny&#8220; v pond\u011bl\u00ed p\u0159emohli t\u0159i pracovn\u00edky deten\u010dn\u00edho \u00fastavu a d\u00edky kl\u00ed\u010d\u016fm, kter\u00e9 jim vzali, se zadn\u00edm vchodem dostali ven z budovy. N\u011bmeck\u00e1 policie v pond\u011bl\u00ed varovala obyvatele okol\u00ed Br\u00e9m a Hamburku, \u017ee by uprchl\u00ed mu\u017ei mohli b\u00fdt nebezpe\u010dn\u00ed.<br \/>\n    Mlad\u00edky policie vyp\u00e1trala dnes nad r\u00e1nem ve v\u00fdchodofr\u00edsk\u00e9m m\u011bste\u010dku Leer, asi 120 kilometr\u016f v\u00fdchodn\u011b od obce, kde se deten\u010dn\u00ed \u00fastav nach\u00e1z\u00ed. Podle policie se v\u0161ech p\u011bt mu\u017e\u016f ukr\u00fdvalo v byt\u011b \u017eeny, kter\u00e1 jim na \u00fat\u011bku pom\u00e1hala. Bli\u017e\u0161\u00ed informace o doty\u010dn\u00e9 policist\u00e9 nesd\u011blili. Ani ona, ani uprchl\u00ed trestanci pr\u00fd ale p\u0159i zadr\u017een\u00ed nekladli odpor.<br \/>\n    Jeden z pracovn\u00edk\u016f deten\u010dn\u00edho \u00fastavu, kter\u00e9ho mlad\u00edci p\u0159i \u00fat\u011bku napadli, byl s lehk\u00fdmi zran\u011bn\u00edmi dnes propu\u0161t\u011bn z nemocnice do dom\u00e1c\u00edho l\u00e9\u010den\u00ed.<br \/>\n    V deten\u010dn\u00edm za\u0159\u00edzen\u00ed v Brauelu jsou zadr\u017eov\u00e1ni psychicky nemocn\u00ed a drogov\u011b z\u00e1visl\u00ed pacienti, kte\u0159\u00ed sp\u00e1chali z\u00e1va\u017en\u00e9 trestn\u00e9 \u010diny. Kv\u016fli sv\u00e9 omezen\u00e9 p\u0159\u00ed\u010detnosti je toti\u017e soud podle n\u011bmeck\u00fdch z\u00e1kon\u016f nem\u016f\u017ee poslat do b\u011b\u017en\u00e9 v\u011bznice. Brauel le\u017e\u00ed na p\u016fl cesty mezi Br\u00e9mami a Hamburkem.<\/p>\n","protected":false},"excerpt":{"rendered":"<div class=\"mh-excerpt\"><p>P\u011bt pacient\u016f deten\u010dn\u00edho \u00fastavu v severon\u011bmeck\u00e9m Brauelu, kte\u0159\u00ed v pond\u011bl\u00ed p\u0159emohli zam\u011bstnance za\u0159\u00edzen\u00ed a uprchli, u\u017e je op\u011bt za m\u0159\u00ed\u017eemi. S odvol\u00e1n\u00edm na m\u00edstn\u00ed policii <a class=\"mh-excerpt-more\" href=\"https:\/\/www.invarena.cz\/?p=23268\" title=\"N\u011bmeck\u00e1 policie dopadla p\u011bt mu\u017e\u016f, kte\u0159\u00ed uprchli z \u00fastavu\">[&#8230;]<\/a><\/p>\n<\/div>","protected":false},"author":1,"featured_media":0,"comment_status":"open","ping_status":"closed","sticky":false,"template":"","format":"standard","meta":{"footnotes":""},"categories":[9],"tags":[],"class_list":["post-23268","post","type-post","status-publish","format-standard","hentry","category-zpravy"],"_links":{"self":[{"href":"https:\/\/www.invarena.cz\/index.php?rest_route=\/wp\/v2\/posts\/23268","targetHints":{"allow":["GET"]}}],"collection":[{"href":"https:\/\/www.invarena.cz\/index.php?rest_route=\/wp\/v2\/posts"}],"about":[{"href":"https:\/\/www.invarena.cz\/index.php?rest_route=\/wp\/v2\/types\/post"}],"author":[{"embeddable":true,"href":"https:\/\/www.invarena.cz\/index.php?rest_route=\/wp\/v2\/users\/1"}],"replies":[{"embeddable":true,"href":"https:\/\/www.invarena.cz\/index.php?rest_route=%2Fwp%2Fv2%2Fcomments&post=23268"}],"version-history":[{"count":0,"href":"https:\/\/www.invarena.cz\/index.php?rest_route=\/wp\/v2\/posts\/23268\/revisions"}],"wp:attachment":[{"href":"https:\/\/www.invarena.cz\/index.php?rest_route=%2Fwp%2Fv2%2Fmedia&parent=23268"}],"wp:term":[{"taxonomy":"category","embeddable":true,"href":"https:\/\/www.invarena.cz\/index.php?rest_route=%2Fwp%2Fv2%2Fcategories&post=23268"},{"taxonomy":"post_tag","embeddable":true,"href":"https:\/\/www.invarena.cz\/index.php?rest_route=%2Fwp%2Fv2%2Ftags&post=23268"}],"curies":[{"name":"wp","href":"https:\/\/api.w.org\/{rel}","templated":true}]}}