{"id":23270,"date":"2015-10-28T00:06:04","date_gmt":"2015-10-27T23:06:04","guid":{"rendered":"http:\/\/www.invarena.cz\/?p=23270"},"modified":"2015-10-28T09:12:17","modified_gmt":"2015-10-28T08:12:17","slug":"arabske-nalety-v-jemenu-znicily-nemocnici-lekaru-bez-hranic","status":"publish","type":"post","link":"https:\/\/www.invarena.cz\/?p=23270","title":{"rendered":"Arabsk\u00e9 n\u00e1lety v Jemenu zni\u010dily nemocnici L\u00e9ka\u0159\u016f bez hranic"},"content":{"rendered":"<p><strong>Dva leteck\u00e9 \u00fadery, kter\u00e9 podnikly letouny arabsk\u00e9 koalice \u00fato\u010d\u00edc\u00ed na \u0161\u00editsk\u00e9 rebely, zni\u010dily v jemensk\u00e9 provincii Saada mal\u00e9 zdravotnick\u00e9 za\u0159\u00edzen\u00ed provozovan\u00e9 mezin\u00e1rodn\u00ed humanit\u00e1rn\u00ed organizac\u00ed L\u00e9ka\u0159i bez hranic (MSF). <\/strong><!--more--><\/p>\n<p>Informovaly o tom sv\u011btov\u00e9 agentury s odvol\u00e1n\u00edm na prohl\u00e1\u0161en\u00ed MSF. Podle \u0161\u00e9fa L\u00e9ka\u0159\u016f bez hranic v Jemenu jde o v\u00e1le\u010dn\u00fd zlo\u010din, koalice pr\u00fd m\u011bla k dispozici \u00fadaje o poloze nemocnice. Rij\u00e1d se ale br\u00e1n\u00ed s t\u00edm, \u017ee jeho letadla nemocnici nebombardovala.<br \/>\n    Prvn\u00ed n\u00e1let p\u0159i\u0161el v pond\u011bl\u00ed ve 23:00 m\u00edstn\u00edho \u010dasu (21:00 SE\u010c) a zas\u00e1hl administrativn\u00ed \u010d\u00e1st jedn\u00e9 z budov. Uvnit\u0159 na\u0161t\u011bst\u00ed nikdo nebyl. O deset minut pozd\u011bji zas\u00e1hl hlavn\u00ed budovu nemocnice druh\u00fd n\u00e1let, asi 12 zam\u011bstnanc\u016f a pacient\u016f se ale poda\u0159ilo evakuovat. &#8222;Budovy jsou kompletn\u011b zni\u010den\u00e9,&#8220; uvedl \u0161\u00e9f jemensk\u00e9 pobo\u010dky L\u00e9ka\u0159\u016f bez hranic Hassan Boucenine. Dva zam\u011bstnanci utrp\u011bli lehk\u00e1 zran\u011bn\u00ed. Provincie Saada le\u017e\u00ed na severu zem\u011b a je hlavn\u00ed ba\u0161tou povstalc\u016f.<br \/>\n    &#8222;Mohlo j\u00edt o omyl, ale to, \u017ee k tomu do\u0161lo, je v\u00e1le\u010dn\u00fd zlo\u010din. Nen\u00ed d\u016fvod m\u00ed\u0159it na nemocnici. Poskytli jsme koalici v\u0161echny nezbytn\u00e9 informace o poloze za\u0159\u00edzen\u00ed asi p\u0159ed dv\u011bma t\u00fddny,&#8220; dodal Boucenine. Jedna ze st\u0159el pr\u00fd zas\u00e1hla i tu \u010d\u00e1st budovy, kde se nach\u00e1zela porodnice. Nemocnice provozovan\u00e1 MSF se ned\u00e1vno stala ter\u010dem tentokr\u00e1t americk\u00e9ho n\u00e1letu i v Afgh\u00e1nist\u00e1nu, zahynulo nejm\u00e9n\u011b 30 lid\u00ed.<br \/>\n    Na dotaz agentury Reuters, zda koali\u010dn\u00ed letouny zas\u00e1hly nemocnici, sa\u00fadskoarabsk\u00fd gener\u00e1l Ahmad Assar\u00ed odpov\u011bd\u011bl stru\u010dn\u011b: &#8222;V \u017e\u00e1dn\u00e9m p\u0159\u00edpad\u011b.&#8220; Spojeneck\u00e1 letadla podle n\u011bj operuj\u00ed v provincii Saada, nikoli v\u0161ak v oblasti, kde se nach\u00e1z\u00ed zdravotnick\u00e9 za\u0159\u00edzen\u00ed. Na ot\u00e1zku, co tedy zp\u016fsobilo v\u00fdbuch, odv\u011btil: &#8222;To bez vy\u0161et\u0159ov\u00e1n\u00ed nedok\u00e1\u017eeme \u0159\u00edci.&#8220;<br \/>\n    N\u00e1let odsoudil gener\u00e1ln\u00ed tajemn\u00edk OSN Pan Ki-mun. &#8222;Gener\u00e1ln\u00ed tajemn\u00edk vyz\u00fdv\u00e1 k rychl\u00e9mu, \u00fa\u010dinn\u00e9mu a nestrann\u00e9mu vy\u0161et\u0159en\u00ed s c\u00edlem zjistit, kdo je za to zodpov\u011bdn\u00fd,&#8220; uvedl mluv\u010d\u00ed OSN St\u00e9phane Dujarric. &#8222;Ve\u0161ker\u00e9 strany konfliktu v Jemenu vyz\u00fdv\u00e1, aby okam\u017eit\u011b zastavily ve\u0161ker\u00e9 operace, v\u010detn\u011b leteck\u00fdch \u00fader\u016f,&#8220; dodal. Nemocnici podle n\u011bj provozovala organizace L\u00e9ka\u0159i bez hranic spolu s D\u011btsk\u00fdm fondem OSN (UNICEF) a Sv\u011btovou zdravotnickou organizac\u00ed (WHO). UNICEF ve sv\u00e9m prohl\u00e1\u0161en\u00ed uvedl, \u017ee nemocnice v Saada byla od b\u0159ezna ji\u017e 39. zasa\u017een\u00fdm zdravotnick\u00fdm za\u0159\u00edzen\u00edm v Jemenu.<br \/>\n    \u0160\u00edit\u0161t\u00ed rebelov\u00e9 loni v z\u00e1\u0159\u00ed obsadili jemenskou metropoli San\u00e1 a postupn\u011b se dostali a\u017e do Adenu na jihu zem\u011b. V b\u0159eznu do boj\u016f na stran\u011b vl\u00e1dy prezidenta Abdar Rabb\u00faa Mans\u00fara H\u00e1d\u00edho vstoupila koalice veden\u00e1 Sa\u00fadskou Ar\u00e1bi\u00ed, co\u017e postup \u0161\u00edit\u016f zpomalilo. Aden u\u017e jemensk\u00e1 vl\u00e1da z\u00edskala zp\u011bt a nyn\u00ed se sna\u017e\u00ed postupovat severn\u00edm sm\u011brem, tedy na T\u00e1izz a San\u00e1. Podle OSN si boje od b\u0159ezna vy\u017e\u00e1daly ji\u017e nejm\u00e9n\u011b 2615 ob\u011bt\u00ed.<br \/>\n    I p\u0159esto, \u017ee se v zemi odehr\u00e1vaj\u00ed tvrd\u00e9 boje, i nad\u00e1le tam m\u00ed\u0159\u00ed tis\u00edce v\u011bt\u0161inou ekonomick\u00fdch migrant\u016f z jin\u00fdch st\u00e1t\u016f. Od konce b\u0159ezna pr\u00fd do Jemenu uprchlo p\u0159es 35.000 osob zejm\u00e9na z Etiopie a Som\u00e1lska. V\u00edce ne\u017e 121.000 lid\u00ed pak za stejn\u00e9 obdob\u00ed naopak uteklo z Jemenu do n\u011bkter\u00e9 ze sousedn\u00edho zem\u00ed, uvedl \u00da\u0159ad vysok\u00e9ho komisa\u0159e OSN pro uprchl\u00edky (UNHCR). Dal\u0161\u00ed 2,3 miliony obyvatel Jemenu, co\u017e je asi jedna desetina populace, se kv\u016fli vyhrocen\u00ed n\u00e1silnost\u00ed staly takzvan\u00fdmi vnit\u0159n\u00edmi uprchl\u00edky.<\/p>\n","protected":false},"excerpt":{"rendered":"<div class=\"mh-excerpt\"><p>Dva leteck\u00e9 \u00fadery, kter\u00e9 podnikly letouny arabsk\u00e9 koalice \u00fato\u010d\u00edc\u00ed na \u0161\u00editsk\u00e9 rebely, zni\u010dily v jemensk\u00e9 provincii Saada mal\u00e9 zdravotnick\u00e9 za\u0159\u00edzen\u00ed provozovan\u00e9 mezin\u00e1rodn\u00ed humanit\u00e1rn\u00ed organizac\u00ed L\u00e9ka\u0159i <a class=\"mh-excerpt-more\" href=\"https:\/\/www.invarena.cz\/?p=23270\" title=\"Arabsk\u00e9 n\u00e1lety v Jemenu zni\u010dily nemocnici L\u00e9ka\u0159\u016f bez hranic\">[&#8230;]<\/a><\/p>\n<\/div>","protected":false},"author":1,"featured_media":0,"comment_status":"open","ping_status":"closed","sticky":false,"template":"","format":"standard","meta":{"footnotes":""},"categories":[9],"tags":[],"class_list":["post-23270","post","type-post","status-publish","format-standard","hentry","category-zpravy"],"_links":{"self":[{"href":"https:\/\/www.invarena.cz\/index.php?rest_route=\/wp\/v2\/posts\/23270","targetHints":{"allow":["GET"]}}],"collection":[{"href":"https:\/\/www.invarena.cz\/index.php?rest_route=\/wp\/v2\/posts"}],"about":[{"href":"https:\/\/www.invarena.cz\/index.php?rest_route=\/wp\/v2\/types\/post"}],"author":[{"embeddable":true,"href":"https:\/\/www.invarena.cz\/index.php?rest_route=\/wp\/v2\/users\/1"}],"replies":[{"embeddable":true,"href":"https:\/\/www.invarena.cz\/index.php?rest_route=%2Fwp%2Fv2%2Fcomments&post=23270"}],"version-history":[{"count":0,"href":"https:\/\/www.invarena.cz\/index.php?rest_route=\/wp\/v2\/posts\/23270\/revisions"}],"wp:attachment":[{"href":"https:\/\/www.invarena.cz\/index.php?rest_route=%2Fwp%2Fv2%2Fmedia&parent=23270"}],"wp:term":[{"taxonomy":"category","embeddable":true,"href":"https:\/\/www.invarena.cz\/index.php?rest_route=%2Fwp%2Fv2%2Fcategories&post=23270"},{"taxonomy":"post_tag","embeddable":true,"href":"https:\/\/www.invarena.cz\/index.php?rest_route=%2Fwp%2Fv2%2Ftags&post=23270"}],"curies":[{"name":"wp","href":"https:\/\/api.w.org\/{rel}","templated":true}]}}