{"id":23318,"date":"2015-11-02T11:00:30","date_gmt":"2015-11-02T10:00:30","guid":{"rendered":"http:\/\/www.invarena.cz\/?p=23318"},"modified":"2015-11-02T11:00:30","modified_gmt":"2015-11-02T10:00:30","slug":"letosni-motylek-patri-muzikalum","status":"publish","type":"post","link":"https:\/\/www.invarena.cz\/?p=23318","title":{"rendered":"Leto\u0161n\u00ed Mot\u00fdlek pat\u0159\u00ed muzik\u00e1l\u016fm"},"content":{"rendered":"<p><strong>V muzik\u00e1lov\u00e9m duchu se letos ponese v po\u0159ad\u00ed ji\u017e devaten\u00e1ct\u00fd ro\u010dn\u00edk tradi\u010dn\u00ed kop\u0159ivnick\u00e9 p\u0159ehl\u00eddky Mot\u00fdlek 2015.<\/strong> <!--more--><\/p>\n<p>Kop\u0159ivnice \u2013 Mezin\u00e1rodn\u00ed akce pln\u00e1 tance, zp\u011bvu a dramatick\u00e9 tvorby handicapovan\u00fdch d\u011bt\u00ed za\u010dne v p\u00e1tek 6. listopadu a vyvrchol\u00ed v sobotu 7. listopadu. &#8222;Stejn\u011b jako p\u0159edchoz\u00ed ro\u010dn\u00edky, chce i Mot\u00fdlek 2015 uk\u00e1zat, jak d\u016fle\u017eit\u00e1 je integrace handicapovan\u00fdch d\u011bt\u00ed a ml\u00e1de\u017ee do b\u011b\u017en\u00e9 spole\u010dnosti. Akce, kter\u00e9 se z\u00fa\u010dastn\u00ed na dv\u011b st\u011b pades\u00e1t \u00fa\u010dinkuj\u00edc\u00edch r\u016fzn\u00e9ho v\u011bku a druhu posti\u017een\u00ed nejen z \u010ceska, ale tak\u00e9 ze sousedn\u00edho Polska nebo Anglie, bude rozd\u011blena do dvou dn\u016f,&#8220; uvedla mluv\u010d\u00ed kop\u0159ivnick\u00e9 radnice Jana Hromo\u010dukov\u00e1. P\u00e1tek 6. listopadu bude pat\u0159it zejm\u00e9na \u00fa\u010dinkuj\u00edc\u00edm, kdy jsou p\u0159ipraveny worshopy, karaoke, v\u00fdtvarn\u00e9 tvo\u0159en\u00ed, fotokoutek s kost\u00fdmy nebo kade\u0159nice a v sobotu handicapovan\u00ed \u00fa\u010dastn\u00edci p\u0159edvedou sv\u00e1 vystoupen\u00ed.<\/p>\n<p>Brunt\u00e1lsk\u00fd a Krnovsk\u00fd den\u00edk<br \/>\n<a href=\"http:\/\/www.bruntalsky.denik.cz\/\">http:\/\/www.bruntalsky.denik.cz\/<\/a><\/p>\n","protected":false},"excerpt":{"rendered":"<div class=\"mh-excerpt\"><p>V muzik\u00e1lov\u00e9m duchu se letos ponese v po\u0159ad\u00ed ji\u017e devaten\u00e1ct\u00fd ro\u010dn\u00edk tradi\u010dn\u00ed kop\u0159ivnick\u00e9 p\u0159ehl\u00eddky Mot\u00fdlek 2015.<\/p>\n<\/div>","protected":false},"author":1,"featured_media":6107,"comment_status":"open","ping_status":"closed","sticky":false,"template":"","format":"standard","meta":{"footnotes":""},"categories":[9],"tags":[],"class_list":["post-23318","post","type-post","status-publish","format-standard","has-post-thumbnail","hentry","category-zpravy"],"_links":{"self":[{"href":"https:\/\/www.invarena.cz\/index.php?rest_route=\/wp\/v2\/posts\/23318","targetHints":{"allow":["GET"]}}],"collection":[{"href":"https:\/\/www.invarena.cz\/index.php?rest_route=\/wp\/v2\/posts"}],"about":[{"href":"https:\/\/www.invarena.cz\/index.php?rest_route=\/wp\/v2\/types\/post"}],"author":[{"embeddable":true,"href":"https:\/\/www.invarena.cz\/index.php?rest_route=\/wp\/v2\/users\/1"}],"replies":[{"embeddable":true,"href":"https:\/\/www.invarena.cz\/index.php?rest_route=%2Fwp%2Fv2%2Fcomments&post=23318"}],"version-history":[{"count":0,"href":"https:\/\/www.invarena.cz\/index.php?rest_route=\/wp\/v2\/posts\/23318\/revisions"}],"wp:featuredmedia":[{"embeddable":true,"href":"https:\/\/www.invarena.cz\/index.php?rest_route=\/wp\/v2\/media\/6107"}],"wp:attachment":[{"href":"https:\/\/www.invarena.cz\/index.php?rest_route=%2Fwp%2Fv2%2Fmedia&parent=23318"}],"wp:term":[{"taxonomy":"category","embeddable":true,"href":"https:\/\/www.invarena.cz\/index.php?rest_route=%2Fwp%2Fv2%2Fcategories&post=23318"},{"taxonomy":"post_tag","embeddable":true,"href":"https:\/\/www.invarena.cz\/index.php?rest_route=%2Fwp%2Fv2%2Ftags&post=23318"}],"curies":[{"name":"wp","href":"https:\/\/api.w.org\/{rel}","templated":true}]}}