{"id":23326,"date":"2015-11-03T01:01:12","date_gmt":"2015-11-03T00:01:12","guid":{"rendered":"http:\/\/www.invarena.cz\/?p=23326"},"modified":"2015-11-03T01:01:20","modified_gmt":"2015-11-03T00:01:20","slug":"lekari-zjistili-ze-gott-trpi-nadorovym-onemocnenim-miznich-uzlin","status":"publish","type":"post","link":"https:\/\/www.invarena.cz\/?p=23326","title":{"rendered":"L\u00e9ka\u0159i zjistili, \u017ee Gott trp\u00ed n\u00e1dorov\u00fdm onemocn\u011bn\u00edm m\u00edzn\u00edch uzlin"},"content":{"rendered":"<p><strong>L\u00e9ka\u0159i diagnostikovali u Karla Gotta zhoubn\u00e9 n\u00e1dorov\u00e9 onemocn\u011bn\u00ed m\u00edzn\u00edch uzlin, takzvan\u00fd Non-Hodgkin\u016fv lymfom.<\/strong> <!--more--><\/p>\n<p>\u010cTK o tom informovala jeho mluv\u010d\u00ed Aneta Stolzov\u00e1. Zjistili to p\u0159i operaci n\u00e1hl\u00e9 p\u0159\u00edhody b\u0159i\u0161n\u00ed, kter\u00e9 se \u0161estasedmdes\u00e1tilet\u00fd zp\u011bv\u00e1k podrobil minul\u00fd t\u00fdden v pra\u017esk\u00e9m Institutu klinick\u00e9 a experiment\u00e1ln\u00ed medic\u00edny (IKEM). V ned\u011bli ve\u010der byl Gott p\u0159evezen na hematologickou kliniku V\u0161eobecn\u00e9 fakultn\u00ed nemocnice (VFN) v Praze, kde zah\u00e1jil c\u00edlenou onkologickou l\u00e9\u010dbu.<\/p>\n<div class=\"rows\">\n<div class=\"leftCol\">\n<div id=\"textNews\" class=\"text\">\n<p>&#8222;P\u0159i operaci n\u00e1hl\u00e9 p\u0159\u00edhody b\u0159i\u0161n\u00ed mu byl diagnostikov\u00e1n Non-Hodgkin\u016fv lymfom jako p\u0159\u00ed\u010dina stavu. Dnes byla zah\u00e1jena c\u00edlen\u00e1 l\u00e9\u010dba tohoto onemocn\u011bn\u00ed za pou\u017eit\u00ed nejmodern\u011bj\u0161\u00edch prost\u0159edk\u016f a za spolupr\u00e1ce t\u00fdmu odborn\u00edk\u016f. V tuto chv\u00edli nelze odhadnout, jak dlouho bude l\u00e9\u010dba trvat,&#8220; uvedl v prohl\u00e1\u0161en\u00ed p\u0159ednosta kliniky Marek Trn\u011bn\u00fd.<\/p>\n<p>Klinika \u017e\u00e1d\u00e1 o dodr\u017een\u00ed mor\u00e1ln\u00edch a etick\u00fdch pravidel v\u016f\u010di pacientovi i nemocnici. A\u017e do odvol\u00e1n\u00ed nebude poskytovat \u017e\u00e1dn\u00e9 dal\u0161\u00ed informace.<\/p>\n<p>&#8222;Moc pros\u00edm v\u0161echna m\u00e9dia o respektov\u00e1n\u00ed soukrom\u00ed m\u00e9ho mu\u017ee a moc pros\u00edm, abyste s ohledem na jeho zdravotn\u00ed stav i s ohledem na v\u0161echny jeho d\u011bti p\u0159istupovali ke vznikl\u00e9 situaci citliv\u011b a s \u00factou, kterou si zaslou\u017e\u00ed,&#8220; dodala zp\u011bv\u00e1kova man\u017eelka Ivana Gottov\u00e1.<\/p>\n<p>Na Gottov\u011b facebookov\u00e9m profilu d\u00e1le uvedla, \u017ee jej\u00ed mu\u017e je &#8222;v t\u011bch nejlep\u0161\u00edch rukou a pod dohledem t\u011bch nejlep\u0161\u00edch specialist\u016f&#8220; v \u010dele s profesorem Trn\u011bn\u00fdm a jeho t\u00fdmem odborn\u00edk\u016f. &#8222;Cel\u00e1 rodina v\u011b\u0159\u00edme, \u017ee i d\u00edky va\u0161\u00ed podpo\u0159e se bude m\u00edt Karel s\u00edlu uzdravit. Moc v\u00e1s zdrav\u00ed a state\u010dn\u011b bojuje, proto\u017ee v\u00e1s nechce zklamat. Zvl\u00e1dly to jin\u00e9 rodiny, zvl\u00e1dneme to spole\u010dn\u011b tak\u00e9,&#8220; vzk\u00e1zala Gottov\u00e1 po\u010detn\u00fdm fanou\u0161k\u016fm legend\u00e1rn\u00edho zp\u011bv\u00e1ka, kter\u00fd si z\u00edskal p\u0159\u00edze\u0148 n\u011bkolika generac\u00ed nejen v \u010cesk\u00e9 republice.<\/p>\n<p>Klinika, na n\u00ed\u017e se Gott l\u00e9\u010d\u00ed, je podle sv\u00fdch <span class=\"linkTagNoBg\"><a href=\"http:\/\/www.vfn.cz\/pracoviste\/kliniky-a-oddeleni\/i-interni-klinika-klinika-hematologie\/\" target=\"_blank\">webov\u00fdch str\u00e1nek<\/a><i class=\"icon-ico-arrow-up icon\"><\/i><\/span> orientov\u00e1na na hematologickou problematiku a zejm\u00e9na na hemato-onkologii. Je jedn\u00edm ze sedmi center intenzivn\u00ed hematologick\u00e9 p\u00e9\u010de v \u010cesk\u00e9 republice. &#8222;Je vedouc\u00edm pracovi\u0161t\u011bm zejm\u00e9na pro diagnostiku a l\u00e9\u010dbu lymfom\u016f, chronick\u00e9 lymfatick\u00e9 leuk\u00e9mie, mnoho\u010detn\u00e9ho myelomu, myelodysplastick\u00e9ho syndromu,&#8220; zn\u00ed charakteristika pracovi\u0161t\u011b. P\u0159i klinice byl vybudov\u00e1n n\u00e1rodn\u00ed registr nemocn\u00fdch s lymfomy a p\u016fsob\u00ed zde n\u00e1rodn\u00ed registr proveden\u00fdch transplantac\u00ed krvetvorn\u00fdch bun\u011bk.<\/p>\n<p>Gott byl v IKEM hospitalizovan\u00fd minulou ned\u011bli pot\u00e9, co mu del\u0161\u00ed dobu nebylo dob\u0159e. Po vylou\u010den\u00ed kardi\u00e1ln\u00edch p\u0159\u00ed\u010din musel zp\u011bv\u00e1k v \u00fater\u00fd podstoupit operaci b\u0159icha. Kv\u016fli zdravotn\u00edm probl\u00e9m\u016fm zru\u0161il n\u011bkter\u00e9 napl\u00e1novan\u00e9 koncerty.<\/p>\n<\/div>\n<\/div>\n<\/div>\n","protected":false},"excerpt":{"rendered":"<div class=\"mh-excerpt\"><p>L\u00e9ka\u0159i diagnostikovali u Karla Gotta zhoubn\u00e9 n\u00e1dorov\u00e9 onemocn\u011bn\u00ed m\u00edzn\u00edch uzlin, takzvan\u00fd Non-Hodgkin\u016fv lymfom.<\/p>\n<\/div>","protected":false},"author":1,"featured_media":0,"comment_status":"open","ping_status":"closed","sticky":false,"template":"","format":"standard","meta":{"footnotes":""},"categories":[9],"tags":[],"class_list":["post-23326","post","type-post","status-publish","format-standard","hentry","category-zpravy"],"_links":{"self":[{"href":"https:\/\/www.invarena.cz\/index.php?rest_route=\/wp\/v2\/posts\/23326","targetHints":{"allow":["GET"]}}],"collection":[{"href":"https:\/\/www.invarena.cz\/index.php?rest_route=\/wp\/v2\/posts"}],"about":[{"href":"https:\/\/www.invarena.cz\/index.php?rest_route=\/wp\/v2\/types\/post"}],"author":[{"embeddable":true,"href":"https:\/\/www.invarena.cz\/index.php?rest_route=\/wp\/v2\/users\/1"}],"replies":[{"embeddable":true,"href":"https:\/\/www.invarena.cz\/index.php?rest_route=%2Fwp%2Fv2%2Fcomments&post=23326"}],"version-history":[{"count":0,"href":"https:\/\/www.invarena.cz\/index.php?rest_route=\/wp\/v2\/posts\/23326\/revisions"}],"wp:attachment":[{"href":"https:\/\/www.invarena.cz\/index.php?rest_route=%2Fwp%2Fv2%2Fmedia&parent=23326"}],"wp:term":[{"taxonomy":"category","embeddable":true,"href":"https:\/\/www.invarena.cz\/index.php?rest_route=%2Fwp%2Fv2%2Fcategories&post=23326"},{"taxonomy":"post_tag","embeddable":true,"href":"https:\/\/www.invarena.cz\/index.php?rest_route=%2Fwp%2Fv2%2Ftags&post=23326"}],"curies":[{"name":"wp","href":"https:\/\/api.w.org\/{rel}","templated":true}]}}