{"id":23327,"date":"2015-11-03T01:03:15","date_gmt":"2015-11-03T00:03:15","guid":{"rendered":"http:\/\/www.invarena.cz\/?p=23327"},"modified":"2015-11-03T01:03:15","modified_gmt":"2015-11-03T00:03:15","slug":"kubisova-mela-v-nedeli-infarkt-lezi-v-nemocnici","status":"publish","type":"post","link":"https:\/\/www.invarena.cz\/?p=23327","title":{"rendered":"Kubi\u0161ov\u00e1 m\u011bla v ned\u011bli infarkt, le\u017e\u00ed v nemocnici"},"content":{"rendered":"<p><strong>Zp\u011bva\u010dka Marta Kubi\u0161ov\u00e1 le\u017e\u00ed od ned\u011ble v Nemocnici Na Homolce po srde\u010dn\u00ed p\u0159\u00edhod\u011b. Infarkt prod\u011bla v podve\u010der p\u0159ed cestou na oslavu sv\u00fdch 73. narozenin.<\/strong><!--more--><\/p>\n<p>\u010cTK to dnes \u0159ekla Linda Skarlandtov\u00e1, mluv\u010d\u00ed divadla Ungelt, kde m\u00e1 Kubi\u0161ov\u00e1 sv\u016fj pravideln\u00fd recit\u00e1l. Doplnila, \u017ee zp\u011bva\u010dka je u\u017e v po\u0159\u00e1dku. \u017d\u00e1dn\u00e9 dal\u0161\u00ed informace podle n\u00ed ale nebudou poskytov\u00e1ny.<\/p>\n<div id=\"textNews\" class=\"text\">\n<p>&#8222;Stalo se to doma a na\u0161t\u011bst\u00ed v p\u0159\u00edtomnosti jej\u00ed dcery a rodinn\u00e9ho p\u0159\u00edtele,&#8220; \u0159ekla mluv\u010d\u00ed.<\/p>\n<p>Kubi\u0161ov\u00e1 se narodila 1. listopadu 1942 v \u010cesk\u00fdch Bud\u011bjovic\u00edch a pat\u0159\u00ed mezi v\u00fdznamn\u00e9 osobnosti \u010deskoslovensk\u00e9 a \u010desk\u00e9 kultury. Je tak\u00e9 uzn\u00e1vanou mor\u00e1ln\u00ed autoritou.<\/p>\n<p>Kubi\u0161ov\u00e1 vyhr\u00e1la anketu Zlat\u00fd slav\u00edk za rok 1966 a 1968 a koncem 60. let vytvo\u0159ila s Helenou Vondr\u00e1\u010dkovou a V\u00e1clavem Neck\u00e1\u0159em trio Golden Kids. Od \u00fanora 1970 j\u00ed ale komunistick\u00fd re\u017eim znemo\u017enil vystupov\u00e1n\u00ed. Do roku 1989 j\u00ed tak vy\u0161lo jedin\u00e9 album Songy a balady s hity jako Hej, Jude, Modlitba pro Martu, Magdalena nebo Ring-o-ding.<\/p>\n<p>V roce 1977 se Kubi\u0161ov\u00e1 stala signat\u00e1\u0159kou a po uv\u011bzn\u011bn\u00ed V\u00e1clava Havla i mluv\u010d\u00ed Charty 77. Podobn\u011b jako dal\u0161\u00ed signat\u00e1\u0159e ji sledovala St\u00e1tn\u00ed bezpe\u010dnost (StB). V roce 1989 pat\u0159ila k tv\u00e1\u0159\u00edm listopadov\u00e9 revoluce.<\/p>\n<p>Kubi\u0161ov\u00e9 v roce 1995 tehdej\u0161\u00ed prezident Havel ud\u011blil medaili Za z\u00e1sluhy. P\u0159ed t\u0159emi lety obdr\u017eela nejvy\u0161\u0161\u00ed francouzsk\u00e9 st\u00e1tn\u00ed vyznamen\u00e1n\u00ed \u0158\u00e1d \u010destn\u00e9 legie.<\/p>\n<p>Akademie popul\u00e1rn\u00ed hudby uvedla Kubi\u0161ovou v roce 1998 do S\u00edn\u011b sl\u00e1vy. Letos v \u00fanoru j\u00ed ministr kultury Daniel Herman p\u0159edal ocen\u011bn\u00ed a titul D\u00e1ma \u010desk\u00e9 kultury.<\/p>\n<p>V Ungeltu Kubi\u0161ov\u00e1 v sou\u010dasn\u00e9 dob\u011b vystupuje s recit\u00e1lem S neb\u00fdvalou ochotou&#8230; a na letn\u00ed sc\u00e9n\u011b divadla spole\u010dn\u011b s Anetou Langerovou v muzik\u00e1lu Touha jm\u00e9nem Einodis ztv\u00e1r\u0148uje roli baronky Sidonie N\u00e1dhern\u00e9.<\/p>\n<p>Loni v \u010dervenci m\u011bl na Mezin\u00e1rodn\u00edm filmov\u00e9m festivalu Karlovy Vary premi\u00e9ru film Magick\u00fd hlas rebelky o \u017eivot\u011b Kubi\u0161ov\u00e9 pohledem re\u017eis\u00e9rky Olgy Sommerov\u00e9. Sn\u00edmek na festivalu z\u00edskal cenu div\u00e1k\u016f.<\/p>\n<\/div>\n<\/div>\n<\/div>\n<p>&nbsp;<\/p>\n<p>&nbsp;<\/p>\n","protected":false},"excerpt":{"rendered":"<div class=\"mh-excerpt\"><p>Zp\u011bva\u010dka Marta Kubi\u0161ov\u00e1 le\u017e\u00ed od ned\u011ble v Nemocnici Na Homolce po srde\u010dn\u00ed p\u0159\u00edhod\u011b. Infarkt prod\u011bla v podve\u010der p\u0159ed cestou na oslavu sv\u00fdch 73. narozenin.<\/p>\n<\/div>","protected":false},"author":1,"featured_media":0,"comment_status":"open","ping_status":"closed","sticky":false,"template":"","format":"standard","meta":{"footnotes":""},"categories":[9],"tags":[],"class_list":["post-23327","post","type-post","status-publish","format-standard","hentry","category-zpravy"],"_links":{"self":[{"href":"https:\/\/www.invarena.cz\/index.php?rest_route=\/wp\/v2\/posts\/23327","targetHints":{"allow":["GET"]}}],"collection":[{"href":"https:\/\/www.invarena.cz\/index.php?rest_route=\/wp\/v2\/posts"}],"about":[{"href":"https:\/\/www.invarena.cz\/index.php?rest_route=\/wp\/v2\/types\/post"}],"author":[{"embeddable":true,"href":"https:\/\/www.invarena.cz\/index.php?rest_route=\/wp\/v2\/users\/1"}],"replies":[{"embeddable":true,"href":"https:\/\/www.invarena.cz\/index.php?rest_route=%2Fwp%2Fv2%2Fcomments&post=23327"}],"version-history":[{"count":0,"href":"https:\/\/www.invarena.cz\/index.php?rest_route=\/wp\/v2\/posts\/23327\/revisions"}],"wp:attachment":[{"href":"https:\/\/www.invarena.cz\/index.php?rest_route=%2Fwp%2Fv2%2Fmedia&parent=23327"}],"wp:term":[{"taxonomy":"category","embeddable":true,"href":"https:\/\/www.invarena.cz\/index.php?rest_route=%2Fwp%2Fv2%2Fcategories&post=23327"},{"taxonomy":"post_tag","embeddable":true,"href":"https:\/\/www.invarena.cz\/index.php?rest_route=%2Fwp%2Fv2%2Ftags&post=23327"}],"curies":[{"name":"wp","href":"https:\/\/api.w.org\/{rel}","templated":true}]}}