{"id":23344,"date":"2015-11-03T14:38:56","date_gmt":"2015-11-03T13:38:56","guid":{"rendered":"http:\/\/www.invarena.cz\/?p=23344"},"modified":"2015-11-03T14:38:56","modified_gmt":"2015-11-03T13:38:56","slug":"devet-let-nosil-postizeneho-syna-do-schodu-na-ramenou","status":"publish","type":"post","link":"https:\/\/www.invarena.cz\/?p=23344","title":{"rendered":"Dev\u011bt let nosil posti\u017een\u00e9ho syna do schod\u016f na ramenou"},"content":{"rendered":"<p><strong>Hned po porodu bylo jasn\u00e9, \u017ee dnes osmn\u00e1ctilet\u00fd Gerhard nikdy nebude chodit. D\u011btsk\u00e1 obrna mu vzala pohyblivost nohou i rukou a odk\u00e1zala ho na elektrick\u00fd voz\u00edk.<\/strong><!--more--><\/p>\n<p>Cel\u00fd \u010dl\u00e1nek <a href=\"http:\/\/www.novinky.cz\/domaci\/385026-devet-let-nosil-postizeneho-syna-do-schodu-na-ramenou.html\">ZDE<\/a><\/p>\n","protected":false},"excerpt":{"rendered":"<div class=\"mh-excerpt\"><p>Hned po porodu bylo jasn\u00e9, \u017ee dnes osmn\u00e1ctilet\u00fd Gerhard nikdy nebude chodit. D\u011btsk\u00e1 obrna mu vzala pohyblivost nohou i rukou a odk\u00e1zala ho na elektrick\u00fd <a class=\"mh-excerpt-more\" href=\"https:\/\/www.invarena.cz\/?p=23344\" title=\"Dev\u011bt let nosil posti\u017een\u00e9ho syna do schod\u016f na ramenou\">[&#8230;]<\/a><\/p>\n<\/div>","protected":false},"author":1,"featured_media":10607,"comment_status":"open","ping_status":"closed","sticky":false,"template":"","format":"standard","meta":{"footnotes":""},"categories":[9],"tags":[],"class_list":["post-23344","post","type-post","status-publish","format-standard","has-post-thumbnail","hentry","category-zpravy"],"_links":{"self":[{"href":"https:\/\/www.invarena.cz\/index.php?rest_route=\/wp\/v2\/posts\/23344","targetHints":{"allow":["GET"]}}],"collection":[{"href":"https:\/\/www.invarena.cz\/index.php?rest_route=\/wp\/v2\/posts"}],"about":[{"href":"https:\/\/www.invarena.cz\/index.php?rest_route=\/wp\/v2\/types\/post"}],"author":[{"embeddable":true,"href":"https:\/\/www.invarena.cz\/index.php?rest_route=\/wp\/v2\/users\/1"}],"replies":[{"embeddable":true,"href":"https:\/\/www.invarena.cz\/index.php?rest_route=%2Fwp%2Fv2%2Fcomments&post=23344"}],"version-history":[{"count":0,"href":"https:\/\/www.invarena.cz\/index.php?rest_route=\/wp\/v2\/posts\/23344\/revisions"}],"wp:featuredmedia":[{"embeddable":true,"href":"https:\/\/www.invarena.cz\/index.php?rest_route=\/wp\/v2\/media\/10607"}],"wp:attachment":[{"href":"https:\/\/www.invarena.cz\/index.php?rest_route=%2Fwp%2Fv2%2Fmedia&parent=23344"}],"wp:term":[{"taxonomy":"category","embeddable":true,"href":"https:\/\/www.invarena.cz\/index.php?rest_route=%2Fwp%2Fv2%2Fcategories&post=23344"},{"taxonomy":"post_tag","embeddable":true,"href":"https:\/\/www.invarena.cz\/index.php?rest_route=%2Fwp%2Fv2%2Ftags&post=23344"}],"curies":[{"name":"wp","href":"https:\/\/api.w.org\/{rel}","templated":true}]}}