{"id":2336,"date":"2013-03-14T06:48:13","date_gmt":"2013-03-14T05:48:13","guid":{"rendered":"http:\/\/www.invarena.cz\/?p=2336"},"modified":"2013-03-15T08:37:38","modified_gmt":"2013-03-15T07:37:38","slug":"praha-6-ma-nejlepsi-elektronickou-sluzbu-roku","status":"publish","type":"post","link":"https:\/\/www.invarena.cz\/?p=2336","title":{"rendered":"Praha 6 m\u00e1 nejlep\u0161\u00ed elektronickou slu\u017ebu roku"},"content":{"rendered":"<p>Speci\u00e1ln\u00ed internetov\u00e9 str\u00e1nky www.bezbarierova6.cz m\u011bstsk\u00e9 \u010d\u00e1sti Praha 6 vyhodnotila odborn\u00e1 porota sout\u011b\u017ee o nejlep\u0161\u00ed webov\u00e9 str\u00e1nky ZLAT\u00dd ERB 2013 v pra\u017esk\u00e9m krajsk\u00e9m kole jako &#8222;Nejlep\u0161\u00ed elektronickou slu\u017ebu&#8220; roku. P\u0159\u00ednosem je zejm\u00e9na mapa bezbari\u00e9rovosti, kter\u00e1 informuje o p\u0159\u00edstupnosti v\u00edce ne\u017e stovky objekt\u016f v Praze 6.<br \/>\n<!--more--><br \/>\nOcen\u011bn\u00ed si p\u0159evzali v \u00fater\u00fd v Rezidenci prim\u00e1tora z\u00e1stupci radnice v \u010dele s Petrem Ayebouou, radn\u00edm Prahy 6 pro soci\u00e1ln\u00ed oblast. Str\u00e1nky www.bezbarierova6.cz jsou nominov\u00e1ny tak\u00e9 na cenu MOSTY, jej\u00ed\u017e v\u00fdsledky vyhl\u00e1s\u00ed N\u00e1rodn\u00ed rada osob se zdravotn\u00edm posti\u017een\u00edm u\u017e ve \u010dtvrtek 21. b\u0159ezna 2013.<\/p>\n<p>Matky s ko\u010d\u00e1rky, senio\u0159i \u010di voz\u00ed\u010dk\u00e1\u0159i nar\u00e1\u017eej\u00ed v Praze na spoustu bari\u00e9r. Kdy\u017e se chystaj\u00ed n\u011bkam v metropoli cestovat, p\u0159edem nev\u00ed, na jak\u00e9 p\u0159ek\u00e1\u017eky naraz\u00ed. Alespo\u0148 v Praze 6 jim pom\u016f\u017ee mapa bezbari\u00e9rovosti. Webov\u00e9 str\u00e1nky www.bezbarierova6.cz p\u0159in\u00e1\u0161ej\u00ed u\u017eite\u010dn\u00e9 informace o m\u00ed\u0159e p\u0159\u00edstupnosti v\u00edce ne\u017e stovky vybran\u00fdch objekt\u016f na \u00fazem\u00ed Prahy 6.<\/p>\n<p>&#8222;\u017d\u00e1dn\u00e1 jin\u00e1 pra\u017esk\u00e1 m\u011bstsk\u00e1 \u010d\u00e1st zat\u00edm takovou mapu bezbari\u00e9rovosti nem\u00e1. Praktick\u00fd pr\u016fvodce popisuje p\u0159\u00edstupnost 115 objekt\u016f na \u00fazem\u00ed \u0161est\u00e9 m\u011bstsk\u00e9 \u010d\u00e1sti. Obsahuje \u00fa\u0159ady, \u0161koly, zdravotnick\u00e9 instituce, l\u00e9ka\u0159e, po\u0161ty, obchody, banky, divadla a pam\u00e1tky,&#8220; \u0159\u00edk\u00e1 Petr Ayeboua, radn\u00ed Prahy 6 pro soci\u00e1ln\u00ed oblast M\u010c Praha 6.<\/p>\n<p>Bezbarierova6.cz pom\u00e1h\u00e1 lidem s t\u011b\u017ek\u00fdm t\u011blesn\u00fdm posti\u017een\u00edm, ale i t\u011bm, kte\u0159\u00ed mohou m\u00edt pohyblivost sn\u00ed\u017eenu kr\u00e1tkodob\u011b, rodi\u010d\u016fm s mal\u00fdmi d\u011btmi nebo senior\u016fm napl\u00e1novat bezbari\u00e9rovou trasu nebo p\u0159\u00edstupnost objekt\u016f je\u0161t\u011b p\u0159ed t\u00edm, ne\u017e vyraz\u00ed do ter\u00e9nu.<\/p>\n<p><strong>Nechyb\u00ed ani ti\u0161t\u011bn\u00fd atlas<\/strong><br \/>\n&#8222;\u010casto chyb\u00ed detailn\u00ed informace o p\u0159\u00edstupnosti ve\u0159ejn\u00fdch objekt\u016f \u010di dopravy bez bari\u00e9r. Velmi oce\u0148uji, \u017ee webov\u00e9 str\u00e1nky &#8222;\u0160estka bez bari\u00e9r&#8220; jsou p\u0159ehledn\u00e9, intuitivn\u00ed, ikonky jsou plnohodnotn\u00e9 a na prvn\u00ed pohled srozumiteln\u00e9,&#8220; \u0159\u00edk\u00e1 p\u0159edseda N\u00e1rodn\u00ed rady osob se zdravotn\u00edm posti\u017een\u00edm V\u00e1clav Kr\u00e1sa.<\/p>\n<p>&#8222;V\u011b\u0159\u00edm, \u017ee Praha 6 na webov\u00fdch str\u00e1nk\u00e1ch bude je\u0161t\u011b d\u00e1le pracovat tak, aby je pln\u011b p\u0159izp\u016fsobila n\u00e1v\u0161t\u011bvn\u00edk\u016fm se zrakov\u00fdm posti\u017een\u00edm. Lze si jen p\u0159\u00e1t, aby obdobn\u00e9 weby m\u011bla v\u0161echna m\u011bsta,&#8220; dod\u00e1v\u00e1.<\/p>\n<p>U\u017e te\u010f je vedle str\u00e1nek bezbarierova6.cz k dispozici ti\u0161t\u011bn\u00e1 bro\u017eura &#8222;\u0160estka bez bari\u00e9r&#8220;. Tento atlas je mo\u017en\u00e9 dostat v ti\u0161t\u011bn\u00e9 podob\u011b na informa\u010dn\u00edch centrech M\u011bstsk\u00e9 \u010d\u00e1sti Praha 6 a kdokoliv si ho m\u016f\u017ee tak\u00e9 st\u00e1hnout ze str\u00e1nek bezbarierova6.cz v PDF dokumentu.<\/p>\n<p>&#8222;Do budoucna chceme, aby str\u00e1nky byly precizn\u011bj\u0161\u00ed a aby si jejich prost\u0159ednictv\u00edm lid\u00e9 rychle a jednodu\u0161e napl\u00e1novali trasu do nejmen\u0161\u00edch detail\u016f,&#8220; sd\u011bluje radn\u00ed Petr Ayeboua.<\/p>\n<p>Parlamentnilisty.cz<\/p>\n","protected":false},"excerpt":{"rendered":"<div class=\"mh-excerpt\"><p>Speci\u00e1ln\u00ed internetov\u00e9 str\u00e1nky www.bezbarierova6.cz m\u011bstsk\u00e9 \u010d\u00e1sti Praha 6 vyhodnotila odborn\u00e1 porota sout\u011b\u017ee o nejlep\u0161\u00ed webov\u00e9 str\u00e1nky ZLAT\u00dd ERB 2013 v pra\u017esk\u00e9m krajsk\u00e9m kole jako &#8222;Nejlep\u0161\u00ed <a class=\"mh-excerpt-more\" href=\"https:\/\/www.invarena.cz\/?p=2336\" title=\"Praha 6 m\u00e1 nejlep\u0161\u00ed elektronickou slu\u017ebu roku\">[&#8230;]<\/a><\/p>\n<\/div>","protected":false},"author":1,"featured_media":1410,"comment_status":"open","ping_status":"open","sticky":false,"template":"","format":"standard","meta":{"footnotes":""},"categories":[7],"tags":[],"class_list":["post-2336","post","type-post","status-publish","format-standard","has-post-thumbnail","hentry","category-spolecnost"],"_links":{"self":[{"href":"https:\/\/www.invarena.cz\/index.php?rest_route=\/wp\/v2\/posts\/2336","targetHints":{"allow":["GET"]}}],"collection":[{"href":"https:\/\/www.invarena.cz\/index.php?rest_route=\/wp\/v2\/posts"}],"about":[{"href":"https:\/\/www.invarena.cz\/index.php?rest_route=\/wp\/v2\/types\/post"}],"author":[{"embeddable":true,"href":"https:\/\/www.invarena.cz\/index.php?rest_route=\/wp\/v2\/users\/1"}],"replies":[{"embeddable":true,"href":"https:\/\/www.invarena.cz\/index.php?rest_route=%2Fwp%2Fv2%2Fcomments&post=2336"}],"version-history":[{"count":0,"href":"https:\/\/www.invarena.cz\/index.php?rest_route=\/wp\/v2\/posts\/2336\/revisions"}],"wp:featuredmedia":[{"embeddable":true,"href":"https:\/\/www.invarena.cz\/index.php?rest_route=\/wp\/v2\/media\/1410"}],"wp:attachment":[{"href":"https:\/\/www.invarena.cz\/index.php?rest_route=%2Fwp%2Fv2%2Fmedia&parent=2336"}],"wp:term":[{"taxonomy":"category","embeddable":true,"href":"https:\/\/www.invarena.cz\/index.php?rest_route=%2Fwp%2Fv2%2Fcategories&post=2336"},{"taxonomy":"post_tag","embeddable":true,"href":"https:\/\/www.invarena.cz\/index.php?rest_route=%2Fwp%2Fv2%2Ftags&post=2336"}],"curies":[{"name":"wp","href":"https:\/\/api.w.org\/{rel}","templated":true}]}}