{"id":23360,"date":"2015-11-04T10:17:31","date_gmt":"2015-11-04T09:17:31","guid":{"rendered":"http:\/\/www.invarena.cz\/?p=23360"},"modified":"2015-11-04T10:17:31","modified_gmt":"2015-11-04T09:17:31","slug":"barevny-svet-v-trebici-zahajuje-pravidelne-arteterapeuticke-dilny","status":"publish","type":"post","link":"https:\/\/www.invarena.cz\/?p=23360","title":{"rendered":"Barevn\u00fd sv\u011bt v T\u0159eb\u00ed\u010di zahajuje pravideln\u00e9 arteterapeutick\u00e9 d\u00edlny"},"content":{"rendered":"<p><strong>V Denn\u00edm centru Barevn\u00fd sv\u011bt v T\u0159eb\u00ed\u010di z\u00edtra odstartuj\u00ed pravideln\u00e9 arteterapeutick\u00e9 d\u00edlny pro lidi s ment\u00e1ln\u00edm posti\u017een\u00edm.<\/strong> <!--more--><\/p>\n<p>T\u0159eb\u00ed\u010d \u2013 Povede je autorka projektu Jana \u0160t\u00e1fov\u00e1, studentka t\u0159et\u00edho ro\u010dn\u00edku d\u00e1lkov\u00e9 formy studia na Soukrom\u00e9 vy\u0161\u0161\u00ed odborn\u00e9 \u0161kole soci\u00e1ln\u00ed v Jihlav\u011b. Arteterapie neboli l\u00e9\u010den\u00ed um\u011bn\u00edm vede k uvoln\u011bn\u00ed emoc\u00ed a podpo\u0159e osobn\u00edho projevu. &#8222;Pr\u00e1ce s keramickou hl\u00ednou podporuje u ment\u00e1ln\u011b posti\u017een\u00fdch v\u011bt\u0161\u00ed samostatnost a vede k pro\u017e\u00edv\u00e1n\u00ed \u00fasp\u011bchu,&#8220; zm\u00ednila Jana \u0160t\u00e1fov\u00e1. Keramiku, kterou lid\u00e9 ve stacion\u00e1\u0159i vytvo\u0159\u00ed, uvid\u00ed z\u00e1jemci v \u00fanoru p\u0159\u00ed\u0161t\u00edho roku na v\u00fdstav\u011b. V\u00fdstavn\u00ed prostory p\u0159isl\u00edbila k dispozici M\u011bstsk\u00e1 knihovna T\u0159eb\u00ed\u010d. V\u00fdsledky prac\u00ed si n\u00e1v\u0161t\u011bvn\u00edci budou n\u00e1sledn\u011b moci prohl\u00e9dnout tak\u00e9 ve v\u00fdstavn\u00edch prostor\u00e1ch tr\u00e9ninkov\u00e9 kav\u00e1rny Spln\u011bn\u00fd sen v Jarom\u011b\u0159ic\u00edch nad Rokytnou. &#8222;Drobnou keramiku z arted\u00edlen bude mo\u017en\u00e9 tak\u00e9 zakoupit na r\u016fzn\u00fdch adventn\u00edch akc\u00edch, kter\u00fdch se Barevn\u00fd sv\u011bt z\u00fa\u010dastn\u00ed,&#8220; uvedla Jana \u0160t\u00e1fov\u00e1.<\/p>\n<p>T\u0159eb\u00ed\u010dsk\u00fd den\u00edk<br \/>\n<a href=\"http:\/\/www.trebicsky.denik.cz\/\">http:\/\/www.trebicsky.denik.cz\/<\/a><\/p>\n","protected":false},"excerpt":{"rendered":"<div class=\"mh-excerpt\"><p>V Denn\u00edm centru Barevn\u00fd sv\u011bt v T\u0159eb\u00ed\u010di z\u00edtra odstartuj\u00ed pravideln\u00e9 arteterapeutick\u00e9 d\u00edlny pro lidi s ment\u00e1ln\u00edm posti\u017een\u00edm.<\/p>\n<\/div>","protected":false},"author":1,"featured_media":12793,"comment_status":"open","ping_status":"closed","sticky":false,"template":"","format":"standard","meta":{"footnotes":""},"categories":[9],"tags":[],"class_list":["post-23360","post","type-post","status-publish","format-standard","has-post-thumbnail","hentry","category-zpravy"],"_links":{"self":[{"href":"https:\/\/www.invarena.cz\/index.php?rest_route=\/wp\/v2\/posts\/23360","targetHints":{"allow":["GET"]}}],"collection":[{"href":"https:\/\/www.invarena.cz\/index.php?rest_route=\/wp\/v2\/posts"}],"about":[{"href":"https:\/\/www.invarena.cz\/index.php?rest_route=\/wp\/v2\/types\/post"}],"author":[{"embeddable":true,"href":"https:\/\/www.invarena.cz\/index.php?rest_route=\/wp\/v2\/users\/1"}],"replies":[{"embeddable":true,"href":"https:\/\/www.invarena.cz\/index.php?rest_route=%2Fwp%2Fv2%2Fcomments&post=23360"}],"version-history":[{"count":0,"href":"https:\/\/www.invarena.cz\/index.php?rest_route=\/wp\/v2\/posts\/23360\/revisions"}],"wp:featuredmedia":[{"embeddable":true,"href":"https:\/\/www.invarena.cz\/index.php?rest_route=\/wp\/v2\/media\/12793"}],"wp:attachment":[{"href":"https:\/\/www.invarena.cz\/index.php?rest_route=%2Fwp%2Fv2%2Fmedia&parent=23360"}],"wp:term":[{"taxonomy":"category","embeddable":true,"href":"https:\/\/www.invarena.cz\/index.php?rest_route=%2Fwp%2Fv2%2Fcategories&post=23360"},{"taxonomy":"post_tag","embeddable":true,"href":"https:\/\/www.invarena.cz\/index.php?rest_route=%2Fwp%2Fv2%2Ftags&post=23360"}],"curies":[{"name":"wp","href":"https:\/\/api.w.org\/{rel}","templated":true}]}}