{"id":23361,"date":"2015-11-04T10:26:25","date_gmt":"2015-11-04T09:26:25","guid":{"rendered":"http:\/\/www.invarena.cz\/?p=23361"},"modified":"2015-11-04T10:26:25","modified_gmt":"2015-11-04T09:26:25","slug":"kurzy-pro-asistenty-pedagoga-by-mely-mit-vic-praxe-a-specializaci","status":"publish","type":"post","link":"https:\/\/www.invarena.cz\/?p=23361","title":{"rendered":"Kurzy pro asistenty pedagoga by m\u011bly m\u00edt v\u00edc praxe a specializaci"},"content":{"rendered":"<p><strong>Z pr\u016fzkumu vyplynulo, \u017ee asistenty pedagoga jsou nej\u010dast\u011bji lid\u00e9 se st\u0159edo\u0161kolsk\u00fdm vzd\u011bl\u00e1n\u00edm<\/strong><!--more--><\/p>\n<p>Nejvhodn\u011bj\u0161\u00ed formou vzd\u011bl\u00e1v\u00e1n\u00ed asistent\u016f pedagoga jsou podle odborn\u00edk\u016f akreditovan\u00e9 kurzy. Ve srovn\u00e1n\u00ed s t\u011bmi dosavadn\u00edmi by ale m\u011bly obsahovat v\u00edce praktick\u00fdch uk\u00e1zek a specializovat se na konkr\u00e9tn\u00ed druh handicapu, s n\u00edm\u017e se asistent setk\u00e1 p\u0159i sv\u00e9 pr\u00e1ci. Doporu\u010duje to anal\u00fdza, kter\u00e1 vznikla v projektu Syst\u00e9mov\u00e1 podpora inkluzivn\u00edho vzd\u011bl\u00e1v\u00e1n\u00ed. Pr\u00e1v\u011b vzd\u011bl\u00e1v\u00e1n\u00ed se podle n\u00ed jev\u00ed jako jedna z nejproblemati\u010dt\u011bj\u0161\u00edch oblast\u00ed spojen\u00fdch s profes\u00ed asistent\u016f pedagoga, kter\u00e1 se p\u0159i debat\u00e1ch o inkluzi dost\u00e1v\u00e1 do centra z\u00e1jmu. V sou\u010dasn\u00e9 dob\u011b jsou po\u017eadavky na kvalifikaci velmi rozt\u0159\u00ed\u0161t\u011bn\u00e9. Jako asistenti mohou ve \u0161kol\u00e1ch pracovat lid\u00e9 se z\u00e1kladn\u00edm i vysoko\u0161kolsk\u00fdm vzd\u011bl\u00e1n\u00edm. Kvalifikovat se mohou absolvov\u00e1n\u00edm odborn\u00e9ho kurzu v rozsahu 120 hodin, studiem pedagogiky nebo p\u0159\u00edmo oboru pro asistenty na V\u0160 nebo v programech celo\u017eivotn\u00edho vzd\u011bl\u00e1v\u00e1n\u00ed, kter\u00e9 nab\u00edzej\u00ed rovn\u011b\u017e vysok\u00e9 \u0161koly.<\/p>\n<p>Z pr\u016fzkumu, do n\u011bho\u017e se zapojilo 838 asistent\u016f pedagoga z cel\u00e9 \u010cR s v\u00fdjimkou Plze\u0148sk\u00e9ho kraje, vyplynulo, \u017ee asistenty jsou nej\u010dast\u011bji lid\u00e9 se st\u0159edo\u0161kolsk\u00fdm vzd\u011bl\u00e1n\u00edm. Byla to v\u00edce ne\u017e polovina respondent\u016f. Asi \u010dtvrtina m\u011bla vystudovanou vysokou \u0161kolu. V akreditovan\u00fdch kurzech z\u00edskalo kvalifikaci 46 procent dot\u00e1zan\u00fdch. Bez po\u017eadovan\u00e9 kvalifikace bylo 11 procent respondent\u016f.<\/p>\n<p>Na pozici asistent\u016f ve \u0161kol\u00e1ch pracuj\u00ed v drtiv\u00e9 v\u011bt\u0161in\u011b p\u0159\u00edpad\u016f \u017eeny. Podle autor\u016f v\u00fdzkumu to m\u016f\u017ee b\u00fdt spojeno s pom\u011brn\u011b n\u00edzk\u00fdm platem i skute\u010dnost\u00ed, \u017ee asistenti b\u00fdvaj\u00ed \u010dasto zam\u011bstn\u00e1v\u00e1ni jen na \u010d\u00e1ste\u010dn\u00fd \u00favazek. Vzhledem k sou\u010dasn\u00e9mu zp\u016fsobu p\u0159id\u011blov\u00e1n\u00ed a financov\u00e1n\u00ed asistent\u016f ze strany krajsk\u00fdch \u00fa\u0159ad\u016f jde nav\u00edc o m\u00edsto s nejistou budoucnost\u00ed. Tak\u00e9 proto m\u011bla \u010dtvrtina respondent\u016f praxi krat\u0161\u00ed ne\u017e rok. V sou\u010dasn\u00fdch kurzech postr\u00e1dali asistenti zejm\u00e9na v\u00edce praxe a konkr\u00e9tn\u00edch uk\u00e1zek uplat\u0148ov\u00e1n\u00ed jednotliv\u00fdch opat\u0159en\u00ed p\u0159i pr\u00e1ci s \u017e\u00e1kem. Pom\u011brn\u011b velk\u00e9 skupin\u011b tak\u00e9 chyb\u011bly podrobn\u011bj\u0161\u00ed informace ze speci\u00e1ln\u00ed pedagogiky a psychologie. Hlavn\u011b t\u011bm, kte\u0159\u00ed nem\u011bli vysoko\u0161kolsk\u00e9 vzd\u011bl\u00e1n\u00ed.<\/p>\n<p>Sami tak\u00e9 c\u00edt\u00ed, \u017ee jim chyb\u00ed pot\u0159ebn\u00e1 vzd\u011bl\u00e1vac\u00ed p\u0159\u00edprava pro pr\u00e1ci s d\u011btmi s poruchami chov\u00e1n\u00ed nebo u\u010den\u00ed, p\u0159\u00edpadn\u011b se soci\u00e1ln\u011b znev\u00fdhodn\u011bn\u00fdmi \u017e\u00e1ky. &#8222;Odpov\u011bdi respondent\u016f potvrdily, \u017ee v n\u00e1vrhu nov\u00e9ho modulu vzd\u011bl\u00e1v\u00e1n\u00ed Asistent\u016f pedagoga nesm\u00ed chyb\u011bt t\u00e9ma znalosti ze speci\u00e1ln\u00ed pedagogiky, psychologie, soci\u00e1ln\u00ed pr\u00e1ce a legislativy, podrobn\u00e9 znalosti o konkr\u00e9tn\u00edm zdravotn\u00edm posti\u017een\u00ed a komunika\u010dn\u00ed dovednosti s rodi\u010di, u\u010diteli,&#8220; uvedli auto\u0159i v\u00fdzkumu. Na obecn\u00fd z\u00e1kladn\u00ed kurz by m\u011bl podle nich navazovat kurz specializa\u010dn\u00ed, zam\u011b\u0159en\u00fd podle budouc\u00edho uplatn\u011bn\u00ed asistent\u016f. Asistenti pracuj\u00edc\u00ed se soci\u00e1ln\u011b znev\u00fdhodn\u011bn\u00fdmi d\u011btmi by tak nap\u0159\u00edklad nem\u011bli b\u00fdt zat\u011b\u017eov\u00e1ni podrobn\u00fdmi informacemi o r\u016fzn\u00fdch typech zdravotn\u00edho posti\u017een\u00ed. Velk\u00e1 pozornost by m\u011bla b\u00fdt v\u011bnov\u00e1na komunikaci s u\u010ditelem i rodinou. Vz\u00e1jemn\u00e1 spolupr\u00e1ce je toti\u017e d\u016fle\u017eit\u00e1 pro \u00fasp\u011b\u0161n\u00e9 za\u010dlen\u011bn\u00ed d\u011bt\u00ed se speci\u00e1ln\u00edmi vzd\u011bl\u00e1vac\u00edmi pot\u0159ebami do b\u011b\u017en\u00fdch \u0161kol.<\/p>\n<p>Pot\u0159eba asistent\u016f se st\u00e1le zvy\u0161uje a se spu\u0161t\u011bn\u00edm takzvan\u00e9 inkluzivn\u00ed novely \u0161kolsk\u00e9ho z\u00e1kona v z\u00e1\u0159\u00ed 2016 z\u0159ejm\u011b nad\u00e1le poroste. Auto\u0159i v\u00fdzkumu m\u011bli k dispozici data do roku 2012. Zat\u00edmco v roce 2005 bylo v t\u00e9to funkci 1 588 lid\u00ed, kte\u0159\u00ed m\u011bli celkem 1156,4pln\u00e9ho \u00favazku, o sedm let pozd\u011bji bylo ve \u0161kol\u00e1ch 6 576 asistent\u016f pedagoga, kte\u0159\u00ed m\u011bli 4267,5 \u00favazku.<\/p>\n<p>Ze vzorku, kter\u00fd byl vybr\u00e1n pro tento pr\u016fzkum, se nejv\u00edce asistent\u016f v\u011bnovalo d\u011btem s poruchou autistick\u00e9ho spektra.<\/p>\n<p>Jihlavsk\u00fd den\u00edk<br \/>\n<a href=\"http:\/\/www.jihlavsky.denik.cz\/\">http:\/\/www.jihlavsky.denik.cz\/<\/a><\/p>\n","protected":false},"excerpt":{"rendered":"<div class=\"mh-excerpt\"><p>Z pr\u016fzkumu vyplynulo, \u017ee asistenty pedagoga jsou nej\u010dast\u011bji lid\u00e9 se st\u0159edo\u0161kolsk\u00fdm vzd\u011bl\u00e1n\u00edm<\/p>\n<\/div>","protected":false},"author":1,"featured_media":13102,"comment_status":"open","ping_status":"closed","sticky":false,"template":"","format":"standard","meta":{"footnotes":""},"categories":[9],"tags":[],"class_list":["post-23361","post","type-post","status-publish","format-standard","has-post-thumbnail","hentry","category-zpravy"],"_links":{"self":[{"href":"https:\/\/www.invarena.cz\/index.php?rest_route=\/wp\/v2\/posts\/23361","targetHints":{"allow":["GET"]}}],"collection":[{"href":"https:\/\/www.invarena.cz\/index.php?rest_route=\/wp\/v2\/posts"}],"about":[{"href":"https:\/\/www.invarena.cz\/index.php?rest_route=\/wp\/v2\/types\/post"}],"author":[{"embeddable":true,"href":"https:\/\/www.invarena.cz\/index.php?rest_route=\/wp\/v2\/users\/1"}],"replies":[{"embeddable":true,"href":"https:\/\/www.invarena.cz\/index.php?rest_route=%2Fwp%2Fv2%2Fcomments&post=23361"}],"version-history":[{"count":0,"href":"https:\/\/www.invarena.cz\/index.php?rest_route=\/wp\/v2\/posts\/23361\/revisions"}],"wp:featuredmedia":[{"embeddable":true,"href":"https:\/\/www.invarena.cz\/index.php?rest_route=\/wp\/v2\/media\/13102"}],"wp:attachment":[{"href":"https:\/\/www.invarena.cz\/index.php?rest_route=%2Fwp%2Fv2%2Fmedia&parent=23361"}],"wp:term":[{"taxonomy":"category","embeddable":true,"href":"https:\/\/www.invarena.cz\/index.php?rest_route=%2Fwp%2Fv2%2Fcategories&post=23361"},{"taxonomy":"post_tag","embeddable":true,"href":"https:\/\/www.invarena.cz\/index.php?rest_route=%2Fwp%2Fv2%2Ftags&post=23361"}],"curies":[{"name":"wp","href":"https:\/\/api.w.org\/{rel}","templated":true}]}}