{"id":23363,"date":"2015-11-04T10:42:23","date_gmt":"2015-11-04T09:42:23","guid":{"rendered":"http:\/\/www.invarena.cz\/?p=23363"},"modified":"2015-11-04T10:42:23","modified_gmt":"2015-11-04T09:42:23","slug":"materidouska-si-ziskala-prestiz","status":"publish","type":"post","link":"https:\/\/www.invarena.cz\/?p=23363","title":{"rendered":"Mate\u0159\u00eddou\u0161ka si z\u00edskala presti\u017e"},"content":{"rendered":"<p><strong>Denn\u00ed stacion\u00e1\u0159 Mate\u0159\u00eddou\u0161ka v Chodov\u011b na Sokolovsku se stal ned\u00edlnou sou\u010d\u00e1st\u00ed \u017eivota rodin s posti\u017een\u00edm v Karlovarsk\u00e9m kraji.<\/strong> <!--more--><\/p>\n<p>Chodov \u2013 P\u0159esn\u011b tak o n\u011bm mluv\u00ed jeho \u0159editelka V\u011bra Br\u00e1borcov\u00e1, kter\u00e1 v\u010dera spole\u010dn\u011b s klienty a des\u00edtkami dal\u0161\u00edch lid\u00ed oslavila v Chodov\u011b 25. v\u00fdro\u010d\u00ed od doby, kdy se dve\u0159e Mate\u0159\u00eddou\u0161ky handicapovan\u00fdm otev\u0159ely poprv\u00e9.<\/p>\n<p>Mate\u0159\u00eddou\u0161ka si za dobu sv\u00e9 existence vydobyla presti\u017e. V n\u00e1sleduj\u00edc\u00edm obdob\u00ed se nav\u00edc chyst\u00e1 roz\u0161\u00ed\u0159it i do Sokolova, kde od m\u011bsta z\u00edskala bez\u00faplatn\u00fdm p\u0159evodem vhodn\u00fd objekt.<\/p>\n<p>Klienti chodovsk\u00e9ho stacion\u00e1\u0159e Mate\u0159\u00eddou\u0161ka spole\u010dn\u011b se sv\u00fdmi rodinami v\u010dera zaplnili s\u00e1l tamn\u00edho m\u011bstsk\u00e9ho kulturn\u00edho st\u0159ediska. \u0158editelka vzpomn\u011bla na za\u010d\u00e1tky Mate\u0159\u00eddou\u0161ky a pouk\u00e1zala na to, \u017ee b\u011bhem sv\u00e9 existence pomohlo denn\u00ed centrum u\u017e zhruba stovce lid\u00ed a jejich rodin\u00e1m. Sta\u010dilo p\u0159itom p\u0159ed lety jin\u00e9 rozhodnut\u00ed a Mate\u0159\u00eddou\u0161ka by skon\u010dila. Kraj toti\u017e v roce 2007 avizoval, \u017ee ji\u017e nechce b\u00fdt z\u0159izovatelem za\u0159\u00edzen\u00ed, a tak Mate\u0159\u00eddou\u0161ka st\u00e1la p\u0159ed t\u011b\u017ek\u00fdm rozhodnut\u00edm. &#8222;Bylo velk\u00e9 rozhodnut\u00ed pln\u00e9 bezesn\u00fdch noc\u00ed \u0159\u00edct si, \u017ee zkus\u00edme denn\u00ed centrum provozovat sami.&#8220;<\/p>\n<p>&#8222;Nakonec jsme zalo\u017eili nest\u00e1tn\u00ed neziskovou organizaci, kter\u00e1 mohla fungovat i d\u00edky velk\u00e9 podpo\u0159e m\u011bsta,&#8220; doplnila \u0159editelka. Ta v\u010dera vyzdvihla hned n\u011bkolik jmen, kter\u00e1 stoj\u00ed za zalo\u017een\u00edm a dlouholet\u00fdm fungov\u00e1n\u00edm denn\u00edho stacion\u00e1\u0159e. Byl mezi nimi nap\u0159\u00edklad tehdej\u0161\u00ed starosta Jan Smolka. Toho t\u011b\u0161\u00ed, \u017ee lid\u00e9 v\u016f\u010di handicapovan\u00fdm u\u017e nemaj\u00ed takov\u00e9 p\u0159edsudky. &#8222;Vzpom\u00edn\u00e1m na dobu, kdy jsme tehdy jezdili sb\u00edrat zku\u0161enosti do N\u011bmecka, kde se v denn\u00edm centru starali o 600 klient\u016f. M\u011bli tam vybaven\u00ed, pom\u016fcky. Ti lid\u00e9 se mohli voln\u011b pohybovat po obci a nikomu to nep\u0159i\u0161lo divn\u00e9. To u n\u00e1s byla tehdy situace jin\u00e1. Jsem r\u00e1d, \u017ee dnes tyto p\u0159edsudky miz\u00ed,&#8220; uvedl.<\/p>\n<p>Mate\u0159\u00eddou\u0161ka si v\u010dera p\u0159ipravila pro n\u00e1v\u0161t\u011bvn\u00edky bohat\u00fd program. Ten odstartoval kovbojsk\u00fdm vystoupen\u00edm klient\u016f upoutan\u00fdch na invalidn\u00ed voz\u00ed\u010dky. Nechyb\u011bla recitace b\u00e1sni\u010dek a spole\u010dn\u00e9 zp\u00edv\u00e1n\u00ed, kter\u00e9 div\u00e1ci obda\u0159ili v\u017edy bou\u0159liv\u00fdm potleskem. N\u00e1v\u0161t\u011bvn\u00edci si tak\u00e9 mohli zakoupit nespo\u010det v\u00fdrobk\u016f, kter\u00e9 handicapovan\u00ed vyrobili v terapeutick\u00fdch d\u00edln\u00e1ch.<\/p>\n<p>A co bude prioritou pro chodovskou Mate\u0159\u00eddou\u0161ku do dal\u0161\u00edch let? Bude to podle slov samotn\u00e9 \u0159editelky pr\u00e1v\u011b vybudov\u00e1n\u00ed denn\u00edho stacion\u00e1\u0159e v Sokolov\u011b.<\/p>\n<p>JI\u0158\u00cd DROZD\u00cdK<br \/>\nChebsk\u00fd den\u00edk<br \/>\n<a href=\"http:\/\/chebsky.denik.cz\/\">http:\/\/chebsky.denik.cz\/<\/a><\/p>\n","protected":false},"excerpt":{"rendered":"<div class=\"mh-excerpt\"><p>Denn\u00ed stacion\u00e1\u0159 Mate\u0159\u00eddou\u0161ka v Chodov\u011b na Sokolovsku se stal ned\u00edlnou sou\u010d\u00e1st\u00ed \u017eivota rodin s posti\u017een\u00edm v Karlovarsk\u00e9m kraji.<\/p>\n<\/div>","protected":false},"author":1,"featured_media":1827,"comment_status":"open","ping_status":"closed","sticky":false,"template":"","format":"standard","meta":{"footnotes":""},"categories":[9],"tags":[],"class_list":["post-23363","post","type-post","status-publish","format-standard","has-post-thumbnail","hentry","category-zpravy"],"_links":{"self":[{"href":"https:\/\/www.invarena.cz\/index.php?rest_route=\/wp\/v2\/posts\/23363","targetHints":{"allow":["GET"]}}],"collection":[{"href":"https:\/\/www.invarena.cz\/index.php?rest_route=\/wp\/v2\/posts"}],"about":[{"href":"https:\/\/www.invarena.cz\/index.php?rest_route=\/wp\/v2\/types\/post"}],"author":[{"embeddable":true,"href":"https:\/\/www.invarena.cz\/index.php?rest_route=\/wp\/v2\/users\/1"}],"replies":[{"embeddable":true,"href":"https:\/\/www.invarena.cz\/index.php?rest_route=%2Fwp%2Fv2%2Fcomments&post=23363"}],"version-history":[{"count":0,"href":"https:\/\/www.invarena.cz\/index.php?rest_route=\/wp\/v2\/posts\/23363\/revisions"}],"wp:featuredmedia":[{"embeddable":true,"href":"https:\/\/www.invarena.cz\/index.php?rest_route=\/wp\/v2\/media\/1827"}],"wp:attachment":[{"href":"https:\/\/www.invarena.cz\/index.php?rest_route=%2Fwp%2Fv2%2Fmedia&parent=23363"}],"wp:term":[{"taxonomy":"category","embeddable":true,"href":"https:\/\/www.invarena.cz\/index.php?rest_route=%2Fwp%2Fv2%2Fcategories&post=23363"},{"taxonomy":"post_tag","embeddable":true,"href":"https:\/\/www.invarena.cz\/index.php?rest_route=%2Fwp%2Fv2%2Ftags&post=23363"}],"curies":[{"name":"wp","href":"https:\/\/api.w.org\/{rel}","templated":true}]}}