{"id":23384,"date":"2015-11-05T14:33:43","date_gmt":"2015-11-05T13:33:43","guid":{"rendered":"http:\/\/www.invarena.cz\/?p=23384"},"modified":"2015-11-05T14:33:43","modified_gmt":"2015-11-05T13:33:43","slug":"v-brazilskem-riu-chci-urvat-nejakou-medaili","status":"publish","type":"post","link":"https:\/\/www.invarena.cz\/?p=23384","title":{"rendered":"V brazilsk\u00e9m Riu chci urvat n\u011bjakou medaili"},"content":{"rendered":"<p><strong>Brn\u011bnsk\u00fd hendikepovan\u00fd cyklista Ivo Koblasa vybojoval v leto\u0161n\u00ed sezon\u011b dv\u011b bronzov\u00e9 medaile na mistrovstv\u00ed sv\u011bta a pojistil si \u00fa\u010dast na paralympijsk\u00fdch hr\u00e1ch.<\/strong><!--more--><\/p>\n<p>Brno \u2013 Po lo\u0148sk\u00e9 sezon\u011b vl\u00e1dl mezin\u00e1rodn\u00edmu \u017eeb\u0159\u00ed\u010dku. Po leto\u0161n\u00ed sice brn\u011bnsk\u00e9mu hendikepovan\u00e9mu cyklistovi Ivo Koblasovi pat\u0159\u00ed \u010dtvrt\u00e1 pozice, p\u0159esto posb\u00edral \u00fasp\u011bchy, mezi nimi\u017e se skv\u00ed dva bronzy z mistrovstv\u00ed sv\u011bta na dr\u00e1ze i v silni\u010dn\u00ed \u010dasovce. A hlavn\u011b vyjel dostatek bod\u016f pro \u00fa\u010dast na paralympijsk\u00fdch hr\u00e1ch, kter\u00e9 v l\u00e9t\u011b host\u00ed brazilsk\u00e9 Rio de Janeiro. &#8222;Aktu\u00e1ln\u00ed sezonu \u0159ad\u00edm ur\u010dit\u011b k lep\u0161\u00edm, jen \u0161koda, \u017ee m\u011b letos dvakr\u00e1t shodil na Sv\u011btov\u00e9m poh\u00e1ru rusk\u00fd reprezentant, co\u017e se podepsalo i na mistrovstv\u00ed sv\u011bta,&#8220; pov\u00edd\u00e1 dvaadvacetilet\u00fd Koblasa.<\/p>\n<p>&#8211; Co je pro v\u00e1s nejhodnotn\u011bj\u0161\u00ed leto\u0161n\u00ed v\u00fdsledek?<\/p>\n<p>P\u0159ekvapil m\u011b hlavn\u011b na dr\u00e1ze \u00fasp\u011bch v kilometru, tak\u017ee s tren\u00e9rem Viktorem Zapletalem dob\u0159e sm\u011b\u0159ujeme v\u00fdkonnost. Dola\u010fujeme ji tak, abychom do budoucna jezdili i scratch, kter\u00fd taky bude na paralympi\u00e1d\u011b v Braz\u00edlii. Hlavn\u011b se pro Rio soust\u0159ed\u00edm na \u010dasovku a dr\u00e1hu, proto\u017ee pro silni\u010dn\u00ed z\u00e1vod se slou\u010dily t\u0159i kategorie, \u010dlov\u011bk m\u016f\u017ee vyhr\u00e1t i skon\u010dit des\u00e1t\u00fd.<\/p>\n<p>&#8211; Jak re\u00e1ln\u011b vid\u00edte \u00fa\u010dast v Riu?<\/p>\n<p>U\u017e jsou ur\u010den\u00e1 m\u00edsta a stoprocentn\u011b pojedu, proto\u017ee jsem si letos v p\u0159edolympijsk\u00e9m roce vyjel body. Z na\u0161\u00ed skupiny ur\u010dit\u011b vyraz\u00ed do Ria je\u0161t\u011b Jirka Je\u017eek a Tereza Diepoldov\u00e1.<\/p>\n<p>&#8211; V jak\u00fdch discipl\u00edn\u00e1ch se p\u0159edstav\u00edte?<\/p>\n<p>Vyjel jsem si jak dr\u00e1hu, tak silni\u010dn\u00ed z\u00e1vod i \u010dasovku. Na dr\u00e1ze m\u016f\u017eu jet pevn\u00fd kilometr, st\u00edhac\u00ed z\u00e1vod na t\u0159i kilometry a pak scratch, na kter\u00fd chod\u00ed hodn\u011b div\u00e1k\u016f. M\u00e1m v n\u011bm taky ambice usp\u011bt. Pojedeme i t\u00fdmov\u00fd sprint.<\/p>\n<p>&#8211; Na paralympi\u00e1d\u011b v Lond\u00fdn\u011b v\u00e1m bylo teprve osmn\u00e1ct a jel jste na zku\u0161enou. Od Ria u\u017e \u010dek\u00e1te v\u00edc?<\/p>\n<p>Tam u\u017e chci urvat n\u011bjakou medaili. Zku\u0161enost\u00ed m\u00e1m v\u00edc ne\u017e v osmn\u00e1cti, \u010dlov\u011bk se t\u00edm propl\u00e9t\u00e1. Hlavn\u011b v na\u0161em t\u00fdmu vl\u00e1dne klid, Viktor Zapletal nep\u0159en\u00e1\u0161\u00ed na z\u00e1vodn\u00edka p\u0159ed startem nervy.<\/p>\n<p>&#8211; Kde vyhl\u00ed\u017e\u00edte medaili?<\/p>\n<p>M\u016f\u017ee podle m\u011b vyj\u00edt v kilometru, nev\u00edm zda i v \u010dasovce. Pokud bude v okruhov\u00e9m z\u00e1vod\u011b, budu samoz\u0159ejm\u011b r\u00e1d.<\/p>\n<p>&#8211; Sed\u00ed v\u00e1m kombinace dr\u00e1hy a silni\u010dn\u00ed cyklistiky?<\/p>\n<p>Je to docela n\u00e1ro\u010dn\u00e9. Na silnici \u010dlov\u011bk najede v\u00edc kilometr\u016f, na dr\u00e1ze zase zapojuje jin\u00e9 svaly, jde o \u00fapln\u011b odli\u0161n\u00e9 discipl\u00edny. Vyhovuje mi sp\u00ed\u0161 silnice, p\u00e1d na d\u0159ev\u011bn\u00e9 dr\u00e1ze p\u0159in\u00e1\u0161\u00ed i nebezpe\u010d\u00ed zabodnut\u00ed velk\u00e9 t\u0159\u00edsky.<\/p>\n<p>&#8211; Pom\u00e1h\u00e1te tak\u00e9 v p\u0159\u00edprav\u011b s tr\u00e9ninkem na kole blanensk\u00fdm rychlobrusla\u0159\u016fm. Jac\u00ed jsou sv\u011b\u0159enci?<\/p>\n<p>P\u0159izn\u00e1m se, \u017ee je to n\u011bkdy o nervy. Po\u0159\u00e1d je mus\u00edm organizovat, jak se maj\u00ed na silnici chovat, jak fouk\u00e1 v\u00edtr, nut\u00edm je, aby jeli za sebou \u010di vedle sebe.<\/p>\n<p>&#8211; D\u00e1te si te\u010f volno od z\u00e1vod\u011bn\u00ed?<\/p>\n<p>Doj\u00ed\u017ed\u00edm sezonu a v p\u016flce listopadu vyraz\u00edm na patn\u00e1ct dn\u016f do l\u00e1zn\u00ed v Lednici. D\u00e1m si po sezon\u011b oddech, pak zase budu naj\u00ed\u017ed\u011bt kilometry. Pot\u0159ebuji si odpo\u010dinout, proto\u017ee po\u0159\u00e1d jezd\u00edm a najednou p\u0159ijde zimn\u00ed p\u0159\u00edprava.<\/p>\n<p>&#8212;<\/p>\n<p>\u00fasp\u011bchy v sezon\u011b &#8211; 5. m\u00edsto v silni\u010dn\u00edm z\u00e1vod\u011b na Sv\u011btov\u00e9m poh\u00e1ru v Pietermaritzburgu, Jihoafrick\u00e1 republika &#8211; 3. m\u00edsto v silni\u010dn\u00ed \u010dasovce na Sv\u011btov\u00e9m poh\u00e1ru v Pietermaritzburgu, Jihoafrick\u00e1 republika &#8211; 3. m\u00edsto v silni\u010dn\u00edm z\u00e1vod\u011b na mistrovstv\u00ed sv\u011bta v Nottwilu, \u0160v\u00fdcarsko &#8211; 1. m\u00edsto v silni\u010dn\u00edm z\u00e1vod\u011b na Sv\u011btov\u00e9m poh\u00e1ru v Elzachu, N\u011bmecko &#8211; 3. m\u00edsto v silni\u010dn\u00ed \u010dasovce na Sv\u011btov\u00e9m poh\u00e1ru v Elzachu, N\u011bmecko &#8211; 1. m\u00edsto na Evropsk\u00e9m poh\u00e1ru v Terchov\u00e9, Slovensko &#8211; 3. m\u00edsto v silni\u010dn\u00ed \u010dasovce na Sv\u011btov\u00e9m poh\u00e1ru v Maniagu, It\u00e1lie &#8211; 1. m\u00edsto na Evropsk\u00e9m poh\u00e1ru v Cologne, N\u011bmecko &#8211; 7. m\u00edsto na dr\u00e1ze v t\u00fdmov\u00e9m sprintu, mistrovstv\u00ed sv\u011bta v Apeldoornu, Nizozemsko &#8211; 5. m\u00edsto na dr\u00e1ze v z\u00e1vod\u011b na t\u0159i kilometry, mistrovstv\u00ed sv\u011bta v Apeldoornu, Nizozemsko &#8211; 3. m\u00edsto na dr\u00e1ze v z\u00e1vod\u011b na jeden kilometr, mistrovstv\u00ed sv\u011bta v Apeldoornu, Nizozemsko<\/p>\n<p>JAROSLAV K\u00c1RA<br \/>\nBrn\u011bnsk\u00fd den\u00edk<br \/>\n<a href=\"http:\/\/brnensky.denik.cz\/\">http:\/\/brnensky.denik.cz\/<\/a><\/p>\n","protected":false},"excerpt":{"rendered":"<div class=\"mh-excerpt\"><p>Brn\u011bnsk\u00fd hendikepovan\u00fd cyklista Ivo Koblasa vybojoval v leto\u0161n\u00ed sezon\u011b dv\u011b bronzov\u00e9 medaile na mistrovstv\u00ed sv\u011bta a pojistil si \u00fa\u010dast na paralympijsk\u00fdch hr\u00e1ch.<\/p>\n<\/div>","protected":false},"author":1,"featured_media":20629,"comment_status":"open","ping_status":"closed","sticky":false,"template":"","format":"standard","meta":{"footnotes":""},"categories":[9],"tags":[],"class_list":["post-23384","post","type-post","status-publish","format-standard","has-post-thumbnail","hentry","category-zpravy"],"_links":{"self":[{"href":"https:\/\/www.invarena.cz\/index.php?rest_route=\/wp\/v2\/posts\/23384","targetHints":{"allow":["GET"]}}],"collection":[{"href":"https:\/\/www.invarena.cz\/index.php?rest_route=\/wp\/v2\/posts"}],"about":[{"href":"https:\/\/www.invarena.cz\/index.php?rest_route=\/wp\/v2\/types\/post"}],"author":[{"embeddable":true,"href":"https:\/\/www.invarena.cz\/index.php?rest_route=\/wp\/v2\/users\/1"}],"replies":[{"embeddable":true,"href":"https:\/\/www.invarena.cz\/index.php?rest_route=%2Fwp%2Fv2%2Fcomments&post=23384"}],"version-history":[{"count":0,"href":"https:\/\/www.invarena.cz\/index.php?rest_route=\/wp\/v2\/posts\/23384\/revisions"}],"wp:featuredmedia":[{"embeddable":true,"href":"https:\/\/www.invarena.cz\/index.php?rest_route=\/wp\/v2\/media\/20629"}],"wp:attachment":[{"href":"https:\/\/www.invarena.cz\/index.php?rest_route=%2Fwp%2Fv2%2Fmedia&parent=23384"}],"wp:term":[{"taxonomy":"category","embeddable":true,"href":"https:\/\/www.invarena.cz\/index.php?rest_route=%2Fwp%2Fv2%2Fcategories&post=23384"},{"taxonomy":"post_tag","embeddable":true,"href":"https:\/\/www.invarena.cz\/index.php?rest_route=%2Fwp%2Fv2%2Ftags&post=23384"}],"curies":[{"name":"wp","href":"https:\/\/api.w.org\/{rel}","templated":true}]}}