{"id":23417,"date":"2015-11-09T10:14:18","date_gmt":"2015-11-09T09:14:18","guid":{"rendered":"http:\/\/www.invarena.cz\/?p=23417"},"modified":"2015-11-09T10:14:18","modified_gmt":"2015-11-09T09:14:18","slug":"slovnik-socialniho-zabezpeceni-chce-byt-pomuckou-pro-ty-co-si-nevi-rady-s-pojmy-z-oblasti-socialni-sfery","status":"publish","type":"post","link":"https:\/\/www.invarena.cz\/?p=23417","title":{"rendered":"Slovn\u00edk soci\u00e1ln\u00edho zabezpe\u010den\u00ed chce b\u00fdt pom\u016fckou pro ty, co si nev\u00ed rady s pojmy z oblasti soci\u00e1ln\u00ed sf\u00e9ry"},"content":{"rendered":"<p>Vysv\u011btlit nejd\u016fle\u017eit\u011bj\u0161\u00ed pojmy z d\u016fchodov\u00e9ho a nemocensk\u00e9ho poji\u0161t\u011bn\u00ed, soci\u00e1ln\u00edch d\u00e1vek, zam\u011bstnanosti, soci\u00e1ln\u00edch slu\u017eeb a mnoha dal\u0161\u00edch oblast\u00ed soci\u00e1ln\u00ed sf\u00e9ry je c\u00edlem \u201eSlovn\u00edku soci\u00e1ln\u00edho zabezpe\u010den\u00ed\u201c.<br \/>\n<!--more--><br \/>\nilustra\u010dn\u00ed foto: Photoxpress<\/p>\n<p>Publikaci, kter\u00e1 vych\u00e1z\u00ed historicky poprv\u00e9, vydalo Ministerstvo pr\u00e1ce a soci\u00e1ln\u00edch v\u011bc\u00ed spole\u010dn\u011b s \u010ceskou spr\u00e1vou soci\u00e1ln\u00edho zabezpe\u010den\u00ed (\u010cSSZ) a V\u00fdzkumn\u00fdm \u00fastavem pr\u00e1ce a soci\u00e1ln\u00edch v\u011bc\u00ed (V\u00daPSV).<\/p>\n<p>Slovn\u00edk je vyd\u00e1v\u00e1n u p\u0159\u00edle\u017eitosti 25. v\u00fdro\u010d\u00ed od vzniku \u010cSSZ a 90 let od vzniku prvn\u00edho modern\u00edho z\u00e1kona o soci\u00e1ln\u00edm poji\u0161t\u011bn\u00ed na na\u0161em \u00fazem\u00ed. <\/p>\n<p>\u201eSlovn\u00edk je zpracov\u00e1n tak, aby ve srozumiteln\u00e9 form\u011b zejm\u00e9na \u0161irok\u00e9 ve\u0159ejnosti p\u0159ibl\u00ed\u017eil pojmy, kter\u00e9 mohou b\u00fdt n\u011bkdy slo\u017eit\u00e9 na pochopen\u00ed. \u0160lo n\u00e1m hlavn\u011b o to, aby se \u010dten\u00e1\u0159 v problematice rychle zorientoval, a tak\u00e9 aby se dozv\u011bd\u011bl, kde m\u016f\u017ee naj\u00edt podrobn\u011bj\u0161\u00ed informace,\u201c uvedla ministryn\u011b pr\u00e1ce a soci\u00e1ln\u00edch v\u011bc\u00ed Michaela Marksov\u00e1. <\/p>\n<p>\u201eV\u011b\u0159\u00edm, \u017ee slovn\u00edk \u010dten\u00e1\u0159\u016fm porad\u00ed a pom\u016f\u017ee. Z\u00e1rove\u0148 chci pod\u011bkovat v\u0161em zam\u011bstnanc\u016fm \u010cesk\u00e9 spr\u00e1vy soci\u00e1ln\u00edho zabezpe\u010den\u00ed, V\u00fdzkumn\u00e9ho \u00fastavu pr\u00e1ce a soci\u00e1ln\u00edch v\u011bc\u00ed i ministerstva, kte\u0159\u00ed se na nelehk\u00e9 p\u0159\u00edprav\u011b slovn\u00edku pod\u00edleli,\u201c dodala ministryn\u011b. <\/p>\n<p>Slovn\u00edk nen\u00ed ur\u010den jen laick\u00e9 ve\u0159ejnosti, poslou\u017e\u00ed ur\u010dit\u011b i mnoh\u00fdm odborn\u00edk\u016fm. Nicm\u00e9n\u011b nenahrazuje platnou pr\u00e1vn\u00ed legislativu, p\u0159esn\u00e9 informace jsou v p\u0159\u00edslu\u0161n\u00fdch pr\u00e1vn\u00edch p\u0159edpisech. <\/p>\n<p>Ti\u0161t\u011bn\u00e1 verze slovn\u00edku bude k dispozici ve vestibulu budovy MPSV, na krajsk\u00fdch pracovi\u0161t\u00edch \u00da\u0159adu pr\u00e1ce \u010cR, v klientsk\u00fdch centrech \u010cSSZ a okresn\u00edch spr\u00e1v soci\u00e1ln\u00edho zabezpe\u010den\u00ed (OSSZ). Chyst\u00e1 se i verze elektronick\u00e1, u n\u00ed\u017e budou hesla pr\u016fb\u011b\u017en\u011b aktualizov\u00e1na. V nejbli\u017e\u0161\u00ed dob\u011b elektronick\u00fd slovn\u00edk najdete na webu MPSV i \u010cSSZ.<\/p>\n<p>Petr Hab\u00e1\u0148<br \/>\ntiskov\u00fd mluv\u010d\u00ed MPSV<\/p>\n","protected":false},"excerpt":{"rendered":"<div class=\"mh-excerpt\"><p>Vysv\u011btlit nejd\u016fle\u017eit\u011bj\u0161\u00ed pojmy z d\u016fchodov\u00e9ho a nemocensk\u00e9ho poji\u0161t\u011bn\u00ed, soci\u00e1ln\u00edch d\u00e1vek, zam\u011bstnanosti, soci\u00e1ln\u00edch slu\u017eeb a mnoha dal\u0161\u00edch oblast\u00ed soci\u00e1ln\u00ed sf\u00e9ry je c\u00edlem \u201eSlovn\u00edku soci\u00e1ln\u00edho zabezpe\u010den\u00ed\u201c.<\/p>\n<\/div>","protected":false},"author":1,"featured_media":19487,"comment_status":"open","ping_status":"closed","sticky":false,"template":"","format":"standard","meta":{"footnotes":""},"categories":[18],"tags":[],"class_list":["post-23417","post","type-post","status-publish","format-standard","has-post-thumbnail","hentry","category-poradna"],"_links":{"self":[{"href":"https:\/\/www.invarena.cz\/index.php?rest_route=\/wp\/v2\/posts\/23417","targetHints":{"allow":["GET"]}}],"collection":[{"href":"https:\/\/www.invarena.cz\/index.php?rest_route=\/wp\/v2\/posts"}],"about":[{"href":"https:\/\/www.invarena.cz\/index.php?rest_route=\/wp\/v2\/types\/post"}],"author":[{"embeddable":true,"href":"https:\/\/www.invarena.cz\/index.php?rest_route=\/wp\/v2\/users\/1"}],"replies":[{"embeddable":true,"href":"https:\/\/www.invarena.cz\/index.php?rest_route=%2Fwp%2Fv2%2Fcomments&post=23417"}],"version-history":[{"count":0,"href":"https:\/\/www.invarena.cz\/index.php?rest_route=\/wp\/v2\/posts\/23417\/revisions"}],"wp:featuredmedia":[{"embeddable":true,"href":"https:\/\/www.invarena.cz\/index.php?rest_route=\/wp\/v2\/media\/19487"}],"wp:attachment":[{"href":"https:\/\/www.invarena.cz\/index.php?rest_route=%2Fwp%2Fv2%2Fmedia&parent=23417"}],"wp:term":[{"taxonomy":"category","embeddable":true,"href":"https:\/\/www.invarena.cz\/index.php?rest_route=%2Fwp%2Fv2%2Fcategories&post=23417"},{"taxonomy":"post_tag","embeddable":true,"href":"https:\/\/www.invarena.cz\/index.php?rest_route=%2Fwp%2Fv2%2Ftags&post=23417"}],"curies":[{"name":"wp","href":"https:\/\/api.w.org\/{rel}","templated":true}]}}