{"id":23438,"date":"2015-11-19T10:00:11","date_gmt":"2015-11-19T09:00:11","guid":{"rendered":"http:\/\/www.invarena.cz\/?p=23438"},"modified":"2015-11-19T10:00:19","modified_gmt":"2015-11-19T09:00:19","slug":"cesta-za-duhou-vystava-lidi-s-roztrousenou-sklerozou","status":"publish","type":"post","link":"https:\/\/www.invarena.cz\/?p=23438","title":{"rendered":"Cesta za duhou: V\u00fdstava lid\u00ed s roztrou\u0161enou skler\u00f3zou"},"content":{"rendered":"<p><strong>\u010cek\u00e1n\u00ed na sign\u00e1l aneb jak vid\u00ed sv\u011bt lid\u00e9 s roztrou\u0161enou skler\u00f3zou. Tak by mohl zn\u00edt podtitul podzimn\u00ed v\u00fdstavy pod n\u00e1zvem Cesta za duhou. Ji\u017e pot\u0159in\u00e1ct\u00e9 ukazuje sv\u011bt optikou nevyl\u00e9\u010diteln\u011b nemocn\u00fdch. Poprv\u00e9 v\u0161ak v bezbari\u00e9rov\u00e9m prostoru Galerie Vinohradsk\u00e1 12 v budov\u011b \u010cesk\u00e9ho rozhlasu. <\/strong><br \/>\n<!--more--><\/p>\n<p>Ve \u010dtvrtek 5. listopadu se v 17. hodin slavnostn\u011b otev\u0159ely dve\u0159e historick\u00e9 budovy \u010cesk\u00e9ho rozhlasu na pra\u017esk\u00fdch Vinohradech pacient\u016fm s roztrou\u0161enou skler\u00f3zou (RS) a v\u0161em, kte\u0159\u00ed zav\u00edtaj\u00ed prohl\u00e9dnout si jejich d\u00edla. Cel\u00fd listopad bude hostit tamn\u00ed Galerie Vinohradsk\u00e1 12 t\u0159in\u00e1ct\u00fd ro\u010dn\u00edk v\u00fdstavy d\u011bl od t\u0159\u00ed des\u00edtek um\u011blc\u016f, kte\u0159\u00ed maj\u00ed jedno spole\u010dn\u00e9 \u2013 diagn\u00f3zu RS. <\/p>\n<p>Do pestr\u00e9 skladby fotografi\u00ed, kreseb, malby, b\u00e1sn\u00ed, pov\u00eddek, kor\u00e1lkov\u00fdch \u010di textiln\u00edch d\u011bl ji\u017e tradi\u010dn\u00edch autor\u016f, letos p\u0159ibyla d\u00edla \u010dty\u0159 autor\u016f nov\u00fdch. K t\u011bm pat\u0159\u00ed i pan Milan \u0160l\u00e9gr, kter\u00fd do pra\u017esk\u00e9 galerie p\u0159ivezl unik\u00e1tn\u00ed kolekci velkoform\u00e1tov\u00fdch podmo\u0159sk\u00fdch fotografi\u00ed. <\/p>\n<p>Dal\u0161\u00ed vystavuj\u00edc\u00ed je pan\u00ed Dana Kominkov\u00e1. Roztrou\u0161enou skler\u00f3zou trp\u00ed 24 let. K fotografov\u00e1n\u00ed ji p\u0159ivedla chu\u0165 pod\u011blit se vizu\u00e1ln\u011b o kr\u00e1sy, kter\u00e9 m\u00e1 na sv\u00fdch cest\u00e1ch. Z\u00e1rove\u0148 se tak sna\u017e\u00ed uk\u00e1zat nejen pacient\u016fm s RS, ale i ostatn\u00edm lidem, \u017ee RS nen\u00ed nic, co by m\u011blo  a mohlo \u010dlov\u011bka zastavit od jeho touhy pozn\u00e1vat sv\u011bt. A jak sama \u0159\u00edk\u00e1: \u201eS roztrou\u0161enou skler\u00f3zou nebojuji. P\u0159ijala jsem ji a uzav\u0159ely jsme spolu dohodu. Doprov\u00e1z\u00ed m\u011b, ale neomezuje. Nelze tr\u00e1vit \u017eivot bojem. Na to, je \u017eivot p\u0159\u00edli\u0161 kr\u00e1tk\u00fd a n\u00e1dhern\u00fd. RS je spole\u010dnice, kter\u00e1 m\u011b velmi posunula na cest\u011b osobn\u00edho r\u016fstu a bez n\u00ed bych nebyla t\u00edm, k\u00fdm dnes jsem.\u201c<\/p>\n<p>Kur\u00e1tork\u00e1m Veronice Bratrychov\u00e9 a Kl\u00e1\u0159e  Z\u00e1potock\u00e9 se poda\u0159ilo i tento rok nen\u00e1siln\u011b propojit tvorbu um\u011blc\u016f \u2013 profesion\u00e1l\u016f i amat\u00e9r\u016f. Poj\u00edtkem se stalo m\u00edsto kon\u00e1n\u00ed leto\u0161n\u00ed v\u00fdstavy. V\u011bt\u0161ina autor\u016f se toti\u017e nechala shodn\u011b inspirovat rozhlasem, vlnami, p\u0159enosem sign\u00e1lu. A nen\u00ed se \u010demu divit. Pr\u00e1v\u011b zpomalen\u00ed \u010di p\u0159eru\u0161en\u00ed sign\u00e1l\u016f mezi nervov\u00fdmi bu\u0148kami je toti\u017e pr\u016fvodn\u00edm jevem choroby, na jej\u00edm\u017e konci m\u016f\u017ee b\u00fdt trval\u00e9 ochrnut\u00ed. Nen\u00ed to ale pohled utopen\u00fd v slz\u00e1ch \u010di depresi. Naopak jde o nitern\u00e9 vyj\u00e1d\u0159en\u00ed jedinc\u016f, kte\u0159\u00ed museli \u010delit v\u00fdzv\u011b v podob\u011b nevyl\u00e9\u010diteln\u00e9 nemoci, a p\u0159esto v n\u00ed dok\u00e1zali naj\u00edt napln\u011bn\u00ed a radost.<\/p>\n<p>\u201eDne\u0161n\u00ed l\u00e9\u010dba um\u00ed u nemoci zm\u00edrnit \u0159adu p\u0159\u00edznak\u016f, ale doporu\u010duj\u00ed se i dal\u0161\u00ed  formy terapie, terapeutick\u00fd \u00fa\u010dinek um\u011bleck\u00e9 \u010dinnosti napom\u00e1h\u00e1 p\u0159ijet\u00ed nemoci jako takov\u00e9 a pozitivn\u011b ovliv\u0148uje psychick\u00fd i emo\u010dn\u00ed stav pacienta,\u201c vysv\u011btluje prof. Eva Havrdov\u00e1, vedouc\u00ed l\u00e9ka\u0159ka RS centra V\u0161eobecn\u00e9 fakultn\u00ed nemocnice Praha. Jako ka\u017edoro\u010dn\u00ed garant v\u00fdstavy p\u0159id\u00e1v\u00e1 i svoji osobn\u00ed zku\u0161enost: \u201eZ letit\u00e9 praxe mohu \u0159\u00edci, \u017ee \u0159ada pacient\u016f nach\u00e1z\u00ed v um\u011bn\u00ed velk\u00fd \u017eivotn\u00ed n\u00e1boj, a pr\u00e1v\u011b proto je ka\u017ed\u00fd ro\u010dn\u00edk Cesty za duhou pln\u00fd pozitivn\u00ed energie.\u201c<\/p>\n<p>V\u00fdstavu Cesta za duhou lze zhl\u00e9dnout od 5. do 31. listopadu na adrese Vinohradsk\u00e1 12 v budov\u011b \u010cesk\u00e9ho rozhlasu v Praze. Galerie je pro ve\u0159ejnost otev\u0159ena v\u017edy ve \u010dtvrtek od 10 do 18 hodin, v ostatn\u00edch dnech je mo\u017en\u00e9 nav\u0161t\u00edvit expozice v r\u00e1mci skupinov\u00e9 rezervace. <\/p>\n<p>V\u00fdstava se kon\u00e1 za podpory CEROS, o. p. s., Nada\u010dn\u00edho fondu IMPULS, UNIE ROSKA, Sdru\u017een\u00ed mlad\u00fdch sklerotik\u016f a spole\u010dnosti Merck.<\/p>\n<p>Podrobn\u00e9 informace najdete na www.cestazaduhou.cz a www.aktivnizivot.cz<\/p>\n<p>O projektu Cesta za duhou<br \/>\nPravideln\u00e9 po\u0159\u00e1d\u00e1n\u00ed v\u00fdstav d\u011bl nemocn\u00fdch s roztrou\u0161enou skler\u00f3zou Cesta za duhou za\u010dalo v roce 2001 ve starokatolick\u00e9m soci\u00e1ln\u011b pastora\u010dn\u00edm st\u0159edisku Communio. Jako v\u00fdstavn\u00ed prostory jsou z\u00e1m\u011brn\u011b volena ve\u0159ejn\u011b p\u0159\u00edstupn\u00e1 m\u00edsta, kudy denn\u011b proud\u00ed kolemjdouc\u00ed. C\u00edlem v\u00fdstavy je, aby se o nemoci a prac\u00edch pacient\u016f s roztrou\u0161enou skler\u00f3zou dozv\u011bd\u011bli i lid\u00e9, kte\u0159\u00ed by b\u011b\u017en\u011b do galerie na podobnou v\u00fdstavu nep\u0159i\u0161li.<\/p>\n<p>Stanislava Beyerov\u00e1<br \/>\nTiskov\u00e1 zpr\u00e1va &#8211; IMPULS, nada\u010dn\u00ed fond<\/p>\n","protected":false},"excerpt":{"rendered":"<div class=\"mh-excerpt\"><p>\u010cek\u00e1n\u00ed na sign\u00e1l aneb jak vid\u00ed sv\u011bt lid\u00e9 s roztrou\u0161enou skler\u00f3zou. Tak by mohl zn\u00edt podtitul podzimn\u00ed v\u00fdstavy pod n\u00e1zvem Cesta za duhou. Ji\u017e pot\u0159in\u00e1ct\u00e9 <a class=\"mh-excerpt-more\" href=\"https:\/\/www.invarena.cz\/?p=23438\" title=\"Cesta za duhou: V\u00fdstava lid\u00ed s roztrou\u0161enou skler\u00f3zou\">[&#8230;]<\/a><\/p>\n<\/div>","protected":false},"author":1,"featured_media":17310,"comment_status":"open","ping_status":"closed","sticky":false,"template":"","format":"standard","meta":{"footnotes":""},"categories":[17],"tags":[],"class_list":["post-23438","post","type-post","status-publish","format-standard","has-post-thumbnail","hentry","category-kultura"],"_links":{"self":[{"href":"https:\/\/www.invarena.cz\/index.php?rest_route=\/wp\/v2\/posts\/23438","targetHints":{"allow":["GET"]}}],"collection":[{"href":"https:\/\/www.invarena.cz\/index.php?rest_route=\/wp\/v2\/posts"}],"about":[{"href":"https:\/\/www.invarena.cz\/index.php?rest_route=\/wp\/v2\/types\/post"}],"author":[{"embeddable":true,"href":"https:\/\/www.invarena.cz\/index.php?rest_route=\/wp\/v2\/users\/1"}],"replies":[{"embeddable":true,"href":"https:\/\/www.invarena.cz\/index.php?rest_route=%2Fwp%2Fv2%2Fcomments&post=23438"}],"version-history":[{"count":0,"href":"https:\/\/www.invarena.cz\/index.php?rest_route=\/wp\/v2\/posts\/23438\/revisions"}],"wp:featuredmedia":[{"embeddable":true,"href":"https:\/\/www.invarena.cz\/index.php?rest_route=\/wp\/v2\/media\/17310"}],"wp:attachment":[{"href":"https:\/\/www.invarena.cz\/index.php?rest_route=%2Fwp%2Fv2%2Fmedia&parent=23438"}],"wp:term":[{"taxonomy":"category","embeddable":true,"href":"https:\/\/www.invarena.cz\/index.php?rest_route=%2Fwp%2Fv2%2Fcategories&post=23438"},{"taxonomy":"post_tag","embeddable":true,"href":"https:\/\/www.invarena.cz\/index.php?rest_route=%2Fwp%2Fv2%2Ftags&post=23438"}],"curies":[{"name":"wp","href":"https:\/\/api.w.org\/{rel}","templated":true}]}}