{"id":23442,"date":"2015-11-10T11:48:18","date_gmt":"2015-11-10T10:48:18","guid":{"rendered":"http:\/\/www.invarena.cz\/?p=23442"},"modified":"2015-11-10T11:48:18","modified_gmt":"2015-11-10T10:48:18","slug":"postizeni-z-chraneneho-bydleni-v-decine-se-dockali-noveho-vybaveni-do-svych-bytu","status":"publish","type":"post","link":"https:\/\/www.invarena.cz\/?p=23442","title":{"rendered":"Posti\u017een\u00ed z chr\u00e1n\u011bn\u00e9ho bydlen\u00ed v D\u011b\u010d\u00edn\u011b se do\u010dkali nov\u00e9ho vybaven\u00ed do sv\u00fdch byt\u016f"},"content":{"rendered":"<p><strong>Nov\u00e9 vybaven\u00ed v podob\u011b sk\u0159\u00edn\u00ed, ledni\u010dek, pra\u010dky, mikrovlnky i stropn\u00edho osv\u011btlen\u00ed ji\u017e ke sv\u00e9 spokojenosti vyu\u017e\u00edv\u00e1 jeden\u00e1ct klient\u016f Centra soci\u00e1ln\u00edch slu\u017eeb v D\u011b\u010d\u00edn\u011b, v r\u00e1mci chr\u00e1n\u011bn\u00e9ho bydlen\u00ed v P\u0159emyslov\u011b ulici.<\/strong> <!--more--><\/p>\n<p>D\u011b\u010d\u00edn \u2013 Na n\u00e1kup pot\u0159ebn\u00fdch v\u011bc\u00ed p\u0159isp\u011bla spole\u010dnost \u010cEZ Distribuce \u010d\u00e1stkou 75 tis\u00edc korun.<\/p>\n<p>&#8222;D\u00edky p\u0159\u00edsp\u011bvku jsme dovybavili dom\u00e1cnosti t\u00edm, co bylo nejv\u00edce pot\u0159eba. Jsme \u010derstv\u011b nast\u011bhovan\u00ed v nov\u00e9 budov\u011b v P\u0159emyslov\u011b ulici a lid\u00e9 se rozkouk\u00e1vaj\u00ed a u\u010d\u00ed se v nov\u00e9m prost\u0159ed\u00ed \u017e\u00edt. P\u0159edt\u00edm na\u0161i klienti bydleli ve dvou neuzav\u0159en\u00fdch prostorech, te\u010f maj\u00ed k dispozici t\u0159i klasick\u00e9 byty,&#8220; \u0159\u00edk\u00e1 vedouc\u00ed st\u0159ediska CSS Roman Horn.<\/p>\n<p>Centru soci\u00e1ln\u00edch slu\u017eeb p\u0159isp\u011bla \u010cEZ Distribuce \u010d\u00e1stkou 75 tis\u00edc korun.<\/p>\n<p>&#8222;Uv\u011bdomujeme si, \u017ee kvalitn\u00ed a pohodln\u00e9 bydlen\u00ed je z\u00e1kladem pro ka\u017ed\u00e9ho z n\u00e1s. Pro klienty s ment\u00e1ln\u00edm posti\u017een\u00edm nav\u00edc m\u016f\u017ee m\u00edt vytvo\u0159en\u00ed nov\u00e9ho domova i v\u00fdznamn\u00e9 terapeutick\u00e9 \u00fa\u010dinky. Jsme r\u00e1di, \u017ee chr\u00e1n\u011bn\u00e9 bydlen\u00ed nyn\u00ed tyto mo\u017enosti sv\u00fdm klient\u016fm nab\u00edz\u00ed,&#8220; dod\u00e1v\u00e1 Radim \u010cern\u00fd, \u010dlen p\u0159edstavenstva \u010cEZ Distribuce.<\/p>\n<p>Centrum soci\u00e1ln\u00edch slu\u017eeb D\u011b\u010d\u00edn je nejv\u011bt\u0161\u00edm poskytovatelem soci\u00e1ln\u00edch slu\u017eeb na D\u011b\u010d\u00ednsku. Poskytuje pomoc a podporu fyzick\u00fdm osob\u00e1m v nep\u0159\u00edzniv\u00e9 soci\u00e1ln\u00ed situaci v oblasti soci\u00e1ln\u00ed p\u00e9\u010de, soci\u00e1ln\u00ed prevence a soci\u00e1ln\u00edho poradenstv\u00ed. Mezi poskytovan\u00e9 slu\u017eby pat\u0159\u00ed nap\u0159\u00edklad domov pro seniory, slu\u017eby pro osoby se zdravotn\u00edm posti\u017een\u00edm, interven\u010dn\u00ed i pe\u010dovatelsk\u00e9 slu\u017eby i chr\u00e1n\u011bn\u00e9 bydlen\u00ed.<\/p>\n<p>SO\u0147A HOLINGEROV\u00c1<br \/>\nD\u011b\u010d\u00ednsk\u00fd den\u00edk<br \/>\n<a href=\"http:\/\/www.decinsky.denik.cz\/\">http:\/\/www.decinsky.denik.cz\/<\/a><\/p>\n","protected":false},"excerpt":{"rendered":"<div class=\"mh-excerpt\"><p>Nov\u00e9 vybaven\u00ed v podob\u011b sk\u0159\u00edn\u00ed, ledni\u010dek, pra\u010dky, mikrovlnky i stropn\u00edho osv\u011btlen\u00ed ji\u017e ke sv\u00e9 spokojenosti vyu\u017e\u00edv\u00e1 jeden\u00e1ct klient\u016f Centra soci\u00e1ln\u00edch slu\u017eeb v D\u011b\u010d\u00edn\u011b, v r\u00e1mci <a class=\"mh-excerpt-more\" href=\"https:\/\/www.invarena.cz\/?p=23442\" title=\"Posti\u017een\u00ed z chr\u00e1n\u011bn\u00e9ho bydlen\u00ed v D\u011b\u010d\u00edn\u011b se do\u010dkali nov\u00e9ho vybaven\u00ed do sv\u00fdch byt\u016f\">[&#8230;]<\/a><\/p>\n<\/div>","protected":false},"author":1,"featured_media":19893,"comment_status":"open","ping_status":"closed","sticky":false,"template":"","format":"standard","meta":{"footnotes":""},"categories":[9],"tags":[],"class_list":["post-23442","post","type-post","status-publish","format-standard","has-post-thumbnail","hentry","category-zpravy"],"_links":{"self":[{"href":"https:\/\/www.invarena.cz\/index.php?rest_route=\/wp\/v2\/posts\/23442","targetHints":{"allow":["GET"]}}],"collection":[{"href":"https:\/\/www.invarena.cz\/index.php?rest_route=\/wp\/v2\/posts"}],"about":[{"href":"https:\/\/www.invarena.cz\/index.php?rest_route=\/wp\/v2\/types\/post"}],"author":[{"embeddable":true,"href":"https:\/\/www.invarena.cz\/index.php?rest_route=\/wp\/v2\/users\/1"}],"replies":[{"embeddable":true,"href":"https:\/\/www.invarena.cz\/index.php?rest_route=%2Fwp%2Fv2%2Fcomments&post=23442"}],"version-history":[{"count":0,"href":"https:\/\/www.invarena.cz\/index.php?rest_route=\/wp\/v2\/posts\/23442\/revisions"}],"wp:featuredmedia":[{"embeddable":true,"href":"https:\/\/www.invarena.cz\/index.php?rest_route=\/wp\/v2\/media\/19893"}],"wp:attachment":[{"href":"https:\/\/www.invarena.cz\/index.php?rest_route=%2Fwp%2Fv2%2Fmedia&parent=23442"}],"wp:term":[{"taxonomy":"category","embeddable":true,"href":"https:\/\/www.invarena.cz\/index.php?rest_route=%2Fwp%2Fv2%2Fcategories&post=23442"},{"taxonomy":"post_tag","embeddable":true,"href":"https:\/\/www.invarena.cz\/index.php?rest_route=%2Fwp%2Fv2%2Ftags&post=23442"}],"curies":[{"name":"wp","href":"https:\/\/api.w.org\/{rel}","templated":true}]}}