{"id":23506,"date":"2015-11-16T09:08:11","date_gmt":"2015-11-16T08:08:11","guid":{"rendered":"http:\/\/www.invarena.cz\/?p=23506"},"modified":"2015-11-16T09:08:11","modified_gmt":"2015-11-16T08:08:11","slug":"muze-invalidni-clovek-pronajimat-byt","status":"publish","type":"post","link":"https:\/\/www.invarena.cz\/?p=23506","title":{"rendered":"M\u016f\u017ee invalidn\u00ed \u010dlov\u011bk pronaj\u00edmat byt?"},"content":{"rendered":"<p><strong>Dotaz:<br \/>\nChci se zeptat jestli \u010dlov\u011bk kter\u00fd m\u00e1 p\u0159iznanou invaliditu III stupn\u011b,m\u016f\u017ee pronaj\u00edmat byt?<\/strong><br \/>\n<!--more--><br \/>\n<strong>Odpov\u011b\u010f:<\/strong><br \/>\nAno. \u010clov\u011bk, kter\u00fd je uzn\u00e1n invalidn\u00edm ve 3. stupni m\u016f\u017ee bez jak\u00fdchkoli pot\u00ed\u017e\u00ed pronaj\u00edmat byt. Jeho v\u00fd\u0161e p\u0159\u00edjm\u016f toti\u017e nen\u00ed \u017e\u00e1dn\u00fdm zp\u016fsobem omezena. <\/p>\n<p>Omezena je jen jeho pracovn\u00ed schopnost, tzn. Nem\u011bl by nap\u0159\u00edklad v p\u0159\u00edpad\u011b t\u011blesn\u00e9ho posti\u017een\u00ed pracovat na pln\u00fd \u00favazek v zam\u011bstn\u00e1n\u00ed, kde by vykon\u00e1val fyzicky n\u00e1ro\u010dnou \u010dinnost. <\/p>\n<p>U pronaj\u00edm\u00e1n\u00ed bytu se ale \u017e\u00e1dn\u00e1 n\u00e1ro\u010dn\u00e1 pr\u00e1ce nep\u0159edpokl\u00e1d\u00e1.<\/p>\n<p>Ji\u0159\u00ed Marek<br \/>\ninvArena<\/p>\n","protected":false},"excerpt":{"rendered":"<div class=\"mh-excerpt\"><p>Dotaz: Chci se zeptat jestli \u010dlov\u011bk kter\u00fd m\u00e1 p\u0159iznanou invaliditu III stupn\u011b,m\u016f\u017ee pronaj\u00edmat byt?<\/p>\n<\/div>","protected":false},"author":3,"featured_media":5533,"comment_status":"open","ping_status":"closed","sticky":false,"template":"","format":"standard","meta":{"footnotes":""},"categories":[18],"tags":[],"class_list":["post-23506","post","type-post","status-publish","format-standard","has-post-thumbnail","hentry","category-poradna"],"_links":{"self":[{"href":"https:\/\/www.invarena.cz\/index.php?rest_route=\/wp\/v2\/posts\/23506","targetHints":{"allow":["GET"]}}],"collection":[{"href":"https:\/\/www.invarena.cz\/index.php?rest_route=\/wp\/v2\/posts"}],"about":[{"href":"https:\/\/www.invarena.cz\/index.php?rest_route=\/wp\/v2\/types\/post"}],"author":[{"embeddable":true,"href":"https:\/\/www.invarena.cz\/index.php?rest_route=\/wp\/v2\/users\/3"}],"replies":[{"embeddable":true,"href":"https:\/\/www.invarena.cz\/index.php?rest_route=%2Fwp%2Fv2%2Fcomments&post=23506"}],"version-history":[{"count":0,"href":"https:\/\/www.invarena.cz\/index.php?rest_route=\/wp\/v2\/posts\/23506\/revisions"}],"wp:featuredmedia":[{"embeddable":true,"href":"https:\/\/www.invarena.cz\/index.php?rest_route=\/wp\/v2\/media\/5533"}],"wp:attachment":[{"href":"https:\/\/www.invarena.cz\/index.php?rest_route=%2Fwp%2Fv2%2Fmedia&parent=23506"}],"wp:term":[{"taxonomy":"category","embeddable":true,"href":"https:\/\/www.invarena.cz\/index.php?rest_route=%2Fwp%2Fv2%2Fcategories&post=23506"},{"taxonomy":"post_tag","embeddable":true,"href":"https:\/\/www.invarena.cz\/index.php?rest_route=%2Fwp%2Fv2%2Ftags&post=23506"}],"curies":[{"name":"wp","href":"https:\/\/api.w.org\/{rel}","templated":true}]}}