{"id":23508,"date":"2015-11-14T23:40:03","date_gmt":"2015-11-14T22:40:03","guid":{"rendered":"http:\/\/www.invarena.cz\/?p=23508"},"modified":"2015-11-14T23:40:03","modified_gmt":"2015-11-14T22:40:03","slug":"domov-betlem-oslavil-petadvacet-let","status":"publish","type":"post","link":"https:\/\/www.invarena.cz\/?p=23508","title":{"rendered":"Domov Betl\u00e9m oslavil p\u011btadvacet let"},"content":{"rendered":"<p><strong>N\u011bkolik des\u00edtek lid\u00ed, zejm\u00e9na b\u00fdval\u00fdch pe\u010dovatel\u016f, p\u0159ijelo oslavit p\u011btadvac\u00e1t\u00e9 v\u00fdro\u010d\u00ed zalo\u017een\u00ed Domova Betl\u00e9m v Klobouk\u00e1ch u Brna, sv\u00e9ho \u010dasu prvn\u00edho nest\u00e1tn\u00edho za\u0159\u00edzen\u00ed tohoto typu v na\u0161\u00ed republice.<\/strong><!--more--><\/p>\n<p> Nechyb\u011bla ani trojice \u0159editel\u016f, kte\u0159\u00ed se v \u010dele Betl\u00e9ma za \u010dtvrtstolet\u00ed vyst\u0159\u00eddali, \u010di dvojice voz\u00ed\u010dk\u00e1\u0159ek, kter\u00e1 je v tomto za\u0159\u00edzen\u00ed od jeho za\u010d\u00e1tk\u016f.<\/p>\n<p>Jedine\u010dn\u00fd domov<\/p>\n<p>Prvn\u00edm \u0159editelem byl Leo\u0161 Princl, kter\u00fd v jeho \u010dele st\u00e1l prvn\u00edch \u0161est let. Betl\u00e9mu pop\u0159\u00e1l hlavn\u011b dobrou ruku p\u0159i v\u00fdb\u011bru pe\u010dovatel\u016f a taky, aby toto za\u0159\u00edzen\u00ed nem\u011blo pot\u00ed\u017ee se z\u00edsk\u00e1v\u00e1n\u00edm grant\u016f. Za sv\u00e9ho p\u016fsoben\u00ed byl i u zalo\u017een\u00ed Domova Narnie v Mork\u016fvk\u00e1ch. &#8222;Na l\u00e9ta tady str\u00e1ven\u00e1 moc r\u00e1d vzpom\u00edn\u00e1m. Mysl\u00edm, \u017ee se poda\u0159ilo n\u011bco jedine\u010dn\u00e9ho a za\u017eil jsem tady spoustu state\u010dn\u00fdch lid\u00ed, kte\u0159\u00ed vlastn\u011b nev\u011bd\u011bli, do \u010deho jdou,&#8220; uvedl a pouk\u00e1zal na to, \u017ee Betl\u00e9m za\u010d\u00ednal v dob\u011b, kdy voz\u00ed\u010dk\u00e1\u0159e na ulic\u00edch nebylo moc vid\u011bt a nebylo kde se inspirovat.<br \/>\nTak\u00e9 Ji\u0159\u00ed Gruber,kter\u00fd se na po\u010d\u00e1tc\u00edch budov\u00e1n\u00ed Betl\u00e9ma pod\u00edlel coby evangelick\u00fd far\u00e1\u0159 m\u00edstn\u00edho sboru, posl\u00e9ze byl jeho v po\u0159ad\u00ed druh\u00fdm \u0159editelem, m\u011bl velkou radost, \u017ee za\u0159\u00edzen\u00ed st\u00e1le pokra\u010duje, a to i v dal\u0161\u00edch domovech a s nov\u00fdmi lidmi: &#8222;P\u0159itom je my\u0161lenka d\u016fstojn\u00e9ho domova a respektu k pot\u0159eb\u00e1m a \u017eivotu lid\u00ed s posti\u017een\u00edm st\u00e1le \u017eiv\u00e1 a v dan\u00fdch mo\u017enostech uskute\u010d\u0148ovan\u00e1. P\u0159eji Betl\u00e9mu do dal\u0161\u00edho \u010dtvrtstolet\u00ed, aby byl i nad\u00e1le m\u00edstem \u00facty, l\u00e1sky a pokory.&#8220; Dne\u0161n\u00ed \u0159editel Petr Hejl je v Betl\u00e9mu od jeho zalo\u017een\u00ed, nap\u0159ed jako pe\u010dovatel, posl\u00e9ze jako t\u0159et\u00ed \u0159editel. Zd\u016fraznil, \u017ee za \u010dtvrt stolet\u00ed existence se st\u0159edisko Betl\u00e9m ut\u011b\u0161en\u011b rozrostlo. &#8222;Dnes ho tvo\u0159\u00ed t\u0159i domovy a jedno chr\u00e1n\u011bn\u00e9 bydlen\u00ed v Klobouk\u00e1ch, v Mork\u016fvk\u00e1ch a v Brumovic\u00edch. Pro p\u011bta\u010dty\u0159icet klient\u016f jsou nejen m\u00edstem poskytovan\u00e9 soci\u00e1ln\u00ed pomoci a p\u00e9\u010de, ale skute\u010dn\u00fdm domovem, kde se c\u00edt\u00ed opravdu dob\u0159e,&#8220; uvedl Hejl.<\/p>\n<p>JAN GAVL\u00cdK<br \/>\nB\u0159eclavsk\u00fd den\u00edk<br \/>\n<a href=\"http:\/\/breclavsky.denik.cz\/\">http:\/\/breclavsky.denik.cz\/<\/a><\/p>\n","protected":false},"excerpt":{"rendered":"<div class=\"mh-excerpt\"><p>N\u011bkolik des\u00edtek lid\u00ed, zejm\u00e9na b\u00fdval\u00fdch pe\u010dovatel\u016f, p\u0159ijelo oslavit p\u011btadvac\u00e1t\u00e9 v\u00fdro\u010d\u00ed zalo\u017een\u00ed Domova Betl\u00e9m v Klobouk\u00e1ch u Brna, sv\u00e9ho \u010dasu prvn\u00edho nest\u00e1tn\u00edho za\u0159\u00edzen\u00ed tohoto typu v <a class=\"mh-excerpt-more\" href=\"https:\/\/www.invarena.cz\/?p=23508\" title=\"Domov Betl\u00e9m oslavil p\u011btadvacet let\">[&#8230;]<\/a><\/p>\n<\/div>","protected":false},"author":1,"featured_media":0,"comment_status":"open","ping_status":"closed","sticky":false,"template":"","format":"standard","meta":{"footnotes":""},"categories":[9],"tags":[],"class_list":["post-23508","post","type-post","status-publish","format-standard","hentry","category-zpravy"],"_links":{"self":[{"href":"https:\/\/www.invarena.cz\/index.php?rest_route=\/wp\/v2\/posts\/23508","targetHints":{"allow":["GET"]}}],"collection":[{"href":"https:\/\/www.invarena.cz\/index.php?rest_route=\/wp\/v2\/posts"}],"about":[{"href":"https:\/\/www.invarena.cz\/index.php?rest_route=\/wp\/v2\/types\/post"}],"author":[{"embeddable":true,"href":"https:\/\/www.invarena.cz\/index.php?rest_route=\/wp\/v2\/users\/1"}],"replies":[{"embeddable":true,"href":"https:\/\/www.invarena.cz\/index.php?rest_route=%2Fwp%2Fv2%2Fcomments&post=23508"}],"version-history":[{"count":0,"href":"https:\/\/www.invarena.cz\/index.php?rest_route=\/wp\/v2\/posts\/23508\/revisions"}],"wp:attachment":[{"href":"https:\/\/www.invarena.cz\/index.php?rest_route=%2Fwp%2Fv2%2Fmedia&parent=23508"}],"wp:term":[{"taxonomy":"category","embeddable":true,"href":"https:\/\/www.invarena.cz\/index.php?rest_route=%2Fwp%2Fv2%2Fcategories&post=23508"},{"taxonomy":"post_tag","embeddable":true,"href":"https:\/\/www.invarena.cz\/index.php?rest_route=%2Fwp%2Fv2%2Ftags&post=23508"}],"curies":[{"name":"wp","href":"https:\/\/api.w.org\/{rel}","templated":true}]}}