{"id":23514,"date":"2015-11-14T22:57:12","date_gmt":"2015-11-14T21:57:12","guid":{"rendered":"http:\/\/www.invarena.cz\/?p=23514"},"modified":"2015-11-14T22:57:12","modified_gmt":"2015-11-14T21:57:12","slug":"la-repubblica-seniori-jedi-prilis-casto-prosle-potraviny","status":"publish","type":"post","link":"https:\/\/www.invarena.cz\/?p=23514","title":{"rendered":"La Repubblica: Senio\u0159i jed\u00ed p\u0159\u00edli\u0161 \u010dasto pro\u0161l\u00e9 potraviny"},"content":{"rendered":"<p><strong>Ka\u017ed\u00fd t\u0159et\u00ed senior konzumuje v\u00edce ne\u017e jednou za m\u011bs\u00edc pro\u0161l\u00e9 potraviny. Jde nej\u010dast\u011bji o ml\u00e9ko a ml\u00e9\u010dn\u00e9 v\u00fdrobky, ale \u010dasto na jejich stole nechyb\u011bj\u00ed ani pokrmy, kter\u00e9 byly \u0161patn\u011b zmrazeny.<\/strong><\/p>\n<p><!--more--><\/p>\n<p>ilustra\u010dn\u00ed foto: Photoxpress<\/p>\n<p>Spolu se \u0161patnou hygienou a \u0161patnou skladbou j\u00eddeln\u00ed\u010dku tak roste nebezpe\u010d\u00ed intoxikace, kter\u00e9 se je\u0161t\u011b zvy\u0161uje v souvislosti s v\u011bkem konzument\u016f a s vysok\u00fdmi teplotami. Poukazuje na to studie veden\u00e1 na Katolick\u00e9 univerzit\u011b Nejsv\u011bt\u011bj\u0161\u00edho srdce p\u0159i poliklinice Agostino Gemelli v \u0158\u00edm\u011b.<\/p>\n<p>V\u011bdci se zam\u011b\u0159ili na 200 star\u00fdch lid\u00ed, jejich\u017e pr\u016fm\u011brn\u00fd v\u011bk byl 74 let. Ze studie vyplynulo, \u017ee volba skladby j\u00eddeln\u00ed\u010dku na\u0161ich d\u011bde\u010dk\u016f a babi\u010dek nijak nevynik\u00e1 rovnov\u00e1hou a bezpe\u010dnost\u00ed, p\u0159esto\u017ee je spr\u00e1vn\u00e1 v\u00fd\u017eiva pova\u017eov\u00e1na za z\u00e1sadn\u00ed faktor pro udr\u017een\u00ed zdrav\u00ed ve st\u00e1\u0159\u00ed a p\u0159esto\u017ee je bezpe\u010dnosti potravin p\u0159ikl\u00e1d\u00e1na velk\u00e1 d\u016fle\u017eitost zejm\u00e9na u star\u00fdch lid\u00ed. Ti jsou toti\u017e mnohem zraniteln\u011bj\u0161\u00ed a jsou mnohem v\u00edce vystaveni nebezpe\u010d\u00ed oslaben\u00ed obranyschopnosti organismu a vzniku chronick\u00fdch nemoc\u00ed.<\/p>\n<p>Zhruba ka\u017ed\u00fd t\u0159et\u00ed senior p\u0159iznal, \u017ee jeho strava nen\u00ed vyv\u00e1\u017een\u00e1, zvl\u00e1\u0161t\u011b proto, \u017ee konzumuje p\u0159\u00edli\u0161 mnoho cukr\u016f a tuk\u016f. Cel\u00fdch 40 procent sledovan\u00fdch star\u00fdch lid\u00ed nestuduje etikety na potravin\u00e1ch, aby zjistili nutri\u010dn\u00ed slo\u017een\u00ed v\u00fdrobku. Polovina dot\u00e1zan\u00fdch tak\u00e9 uvedla, \u017ee potraviny p\u0159ed p\u0159\u00edpravou rozmrazuje p\u0159i pokojov\u00e9 teplot\u011b. T\u00edm se senio\u0159i vystavuj\u00ed nebezpe\u010d\u00ed otravy, kter\u00e1 m\u016f\u017ee p\u0159\u00edpadn\u011b nastat z d\u016fvodu mno\u017een\u00ed bakteri\u00ed p\u0159i okoln\u00ed, pom\u011brn\u011b vysok\u00e9 teplot\u011b.<\/p>\n<p>&#8222;Zdrav\u00ed star\u00fdch lid\u00ed je prioritn\u00edm c\u00edlem na\u0161eho st\u00e1tn\u00edho zdravotnictv\u00ed. Jde nejen o \u00fasporu zdroj\u016f, kter\u00e9 by jinak byly vynalo\u017eeny na jejich l\u00e9\u010dbu, ale tak\u00e9 o to, aby sami senio\u0159i za\u010dali b\u00fdt v\u011bdom\u011b zodpov\u011bdn\u00ed za sv\u016fj j\u00eddeln\u00ed\u010dek,&#8220; uvedli koordin\u00e1to\u0159i v\u00fdzkumu profesorka Patrizia Laurentiov\u00e1 z Institutu ve\u0159ejn\u00e9ho zdrav\u00ed a Francesco Landi z odd\u011blen\u00ed geriatrie, neurov\u011bdy a ortopedie.<\/p>\n<p>Auto\u0159i studie rovn\u011b\u017e p\u0159ipomn\u011bli, \u017ee v tomto sm\u011bru mohou mnohem v\u00edce pom\u00e1hat prakti\u010dt\u00ed l\u00e9ka\u0159i. Zat\u00edm ale 30 procent sledovan\u00fdch uvedlo, \u017ee informace o spr\u00e1vn\u00e9 v\u00fd\u017eiv\u011b z\u00edsk\u00e1v\u00e1 z televize, \u010dasopis\u016f a z internetu. Od odborn\u00fdch l\u00e9ka\u0159\u016f z\u00edsk\u00e1v\u00e1 tyto informace 35 procent \u00fa\u010dastn\u00edk\u016f studie, ale od rodinn\u00e9ho l\u00e9ka\u0159e jen 15 procent.<\/p>\n","protected":false},"excerpt":{"rendered":"<div class=\"mh-excerpt\"><p>Ka\u017ed\u00fd t\u0159et\u00ed senior konzumuje v\u00edce ne\u017e jednou za m\u011bs\u00edc pro\u0161l\u00e9 potraviny. Jde nej\u010dast\u011bji o ml\u00e9ko a ml\u00e9\u010dn\u00e9 v\u00fdrobky, ale \u010dasto na jejich stole nechyb\u011bj\u00ed ani <a class=\"mh-excerpt-more\" href=\"https:\/\/www.invarena.cz\/?p=23514\" title=\"La Repubblica: Senio\u0159i jed\u00ed p\u0159\u00edli\u0161 \u010dasto pro\u0161l\u00e9 potraviny\">[&#8230;]<\/a><\/p>\n<\/div>","protected":false},"author":1,"featured_media":19373,"comment_status":"open","ping_status":"closed","sticky":false,"template":"","format":"standard","meta":{"footnotes":""},"categories":[7],"tags":[],"class_list":["post-23514","post","type-post","status-publish","format-standard","has-post-thumbnail","hentry","category-spolecnost"],"_links":{"self":[{"href":"https:\/\/www.invarena.cz\/index.php?rest_route=\/wp\/v2\/posts\/23514","targetHints":{"allow":["GET"]}}],"collection":[{"href":"https:\/\/www.invarena.cz\/index.php?rest_route=\/wp\/v2\/posts"}],"about":[{"href":"https:\/\/www.invarena.cz\/index.php?rest_route=\/wp\/v2\/types\/post"}],"author":[{"embeddable":true,"href":"https:\/\/www.invarena.cz\/index.php?rest_route=\/wp\/v2\/users\/1"}],"replies":[{"embeddable":true,"href":"https:\/\/www.invarena.cz\/index.php?rest_route=%2Fwp%2Fv2%2Fcomments&post=23514"}],"version-history":[{"count":0,"href":"https:\/\/www.invarena.cz\/index.php?rest_route=\/wp\/v2\/posts\/23514\/revisions"}],"wp:featuredmedia":[{"embeddable":true,"href":"https:\/\/www.invarena.cz\/index.php?rest_route=\/wp\/v2\/media\/19373"}],"wp:attachment":[{"href":"https:\/\/www.invarena.cz\/index.php?rest_route=%2Fwp%2Fv2%2Fmedia&parent=23514"}],"wp:term":[{"taxonomy":"category","embeddable":true,"href":"https:\/\/www.invarena.cz\/index.php?rest_route=%2Fwp%2Fv2%2Fcategories&post=23514"},{"taxonomy":"post_tag","embeddable":true,"href":"https:\/\/www.invarena.cz\/index.php?rest_route=%2Fwp%2Fv2%2Ftags&post=23514"}],"curies":[{"name":"wp","href":"https:\/\/api.w.org\/{rel}","templated":true}]}}