{"id":23521,"date":"2015-11-19T09:52:48","date_gmt":"2015-11-19T08:52:48","guid":{"rendered":"http:\/\/www.invarena.cz\/?p=23521"},"modified":"2015-11-19T09:53:09","modified_gmt":"2015-11-19T08:53:09","slug":"duchodkyne-a-duchodci-dostanou-jednorazovy-prispevek-1-200-korun","status":"publish","type":"post","link":"https:\/\/www.invarena.cz\/?p=23521","title":{"rendered":"D\u016fchodci dostanou jednor\u00e1zov\u00fd p\u0159\u00edsp\u011bvek 1 200 korun"},"content":{"rendered":"<p><strong>Shodli se na tom poslankyn\u011b a poslanci v\u0161ech parlamentn\u00edch stran, kte\u0159\u00ed p\u0159ijali n\u00e1vrh vyplacen\u00ed jednor\u00e1zov\u00e9ho p\u0159\u00edsp\u011bvku v\u0161em d\u016fchodc\u016fm ve v\u00fd\u0161i 1 200 K\u010d.<\/strong><!--more--><\/p>\n<p> Poslaneck\u00e1 sn\u011bmovna se tak p\u0159ipojila ke snaze vl\u00e1dy d\u016fstojn\u011b vykompenzovat n\u00edzkou z\u00e1konnou valorizaci pro rok 2016, kter\u00e1 by kv\u016fli n\u00edzk\u00e9mu r\u016fstu spot\u0159ebitelsk\u00fdch cen a re\u00e1ln\u00fdch mezd dos\u00e1hla pouze \u010dty\u0159iceti korun. <\/p>\n<p>\u201eVelmi v\u00edt\u00e1m ka\u017edou snahu o nav\u00fd\u0161en\u00ed pen\u011bz pro seniory, kte\u0159\u00ed si zaslou\u017e\u00ed d\u016fstojn\u00fd d\u016fchod za celo\u017eivotn\u00ed poctivou pr\u00e1ci. Jsem r\u00e1da, \u017ee se Poslaneck\u00e1 sn\u011bmovna rozhodla pro nav\u00fd\u0161en\u00ed p\u0159\u00edsp\u011bvku k d\u016fchod\u016fm v takov\u00e9to v\u00fd\u0161i,\u201c \u0159ekla ministryn\u011b pr\u00e1ce a soci\u00e1ln\u00edch v\u011bc\u00ed Michaela Marksov\u00e1. <\/p>\n<p>Podle premi\u00e9ra Bohuslava Sobotky dovol\u00ed vl\u00e1d\u011b zv\u00fd\u0161it jednor\u00e1zov\u00fd p\u0159\u00edsp\u011bvek k d\u016fchod\u016fm sou\u010dasn\u00fd pozitivn\u00ed v\u00fdvoj a r\u016fst \u010desk\u00e9 ekonomiky. <\/p>\n<p>Ministryn\u011b pr\u00e1ce a soci\u00e1ln\u00edch v\u011bc\u00ed Michaela Marksov\u00e1 navrhovala na ja\u0159e leto\u0161n\u00edho roku nav\u00fd\u0161en\u00ed d\u016fchod\u016f alespo\u0148 o 1,8 %, co\u017e by zv\u00fd\u0161ilo pr\u016fm\u011brn\u00fd starobn\u00ed d\u016fchod od ledna 2016 o 205 K\u010d m\u011bs\u00ed\u010dn\u011b. MPSV tak cht\u011blo reagovat na sn\u00ed\u017een\u00ed re\u00e1ln\u00e9 hodnoty d\u016fchod\u016f po roce 2011, kdy nedo\u0161lo k dostate\u010dn\u00e9 kompenzaci r\u016fstu \u017eivotn\u00edch n\u00e1klad\u016f d\u016fchodc\u016f. Pro n\u00e1vrh ale hlasovali jen minist\u0159i za \u010cSSD, ostatn\u00ed koali\u010dn\u00ed strany byly proti pravideln\u00e9 vy\u0161\u0161\u00ed valorizaci d\u016fchod\u016f. <\/p>\n<p>K n\u00edzk\u00e9 z\u00e1konn\u00e9 valorizaci do\u0161lo, proto\u017ee pro zv\u00fd\u0161en\u00ed d\u016fchod\u016f v pravideln\u00e9m term\u00ednu od ledna se valorizace ur\u010duje podle \u00fadaj\u016f \u010cesk\u00e9ho statistick\u00e9ho \u00fa\u0159adu, u pr\u016fm\u011brn\u00e9ho starobn\u00edho d\u016fchodu zv\u00fd\u0161en\u00ed \u010din\u00ed \u010d\u00e1stku odpov\u00eddaj\u00edc\u00ed sto procent r\u016fstu \u00fahrnn\u00e9ho indexu spot\u0159ebitelsk\u00fdch cen a d\u00e1le t\u00e9\u017e \u010d\u00e1stku odpov\u00eddaj\u00edc\u00ed jedn\u00e9 t\u0159etin\u011b r\u016fstu re\u00e1ln\u00fdch mezd. Z\u00e1kon tyto parametry p\u0159esn\u011b a v\u00fdslovn\u011b stanovuje a neumo\u017e\u0148uje \u017e\u00e1dn\u00e9 jin\u00e9 ne\u017e takto vypo\u010dten\u00e9 zv\u00fd\u0161en\u00ed d\u016fchod\u016f. Podle hodnot, kter\u00e9 v z\u00e1\u0159\u00ed zve\u0159ejnil \u010cesk\u00fd statistick\u00fd \u00fa\u0159ad, by tak do\u0161lo k nav\u00fd\u0161en\u00ed d\u016fchod\u016f v roce 2016 o pouh\u00fdch 40 korun, co\u017e ministryn\u011b Michaela Marksov\u00e1 ozna\u010dila v d\u0159\u00edv\u011bj\u0161\u00edch prohl\u00e1\u0161en\u00edch za v\u00fdsm\u011bch. <\/p>\n<p>Petr Hab\u00e1\u0148<br \/>\ntiskov\u00fd mluv\u010d\u00ed MPSV<\/p>\n","protected":false},"excerpt":{"rendered":"<div class=\"mh-excerpt\"><p>Shodli se na tom poslankyn\u011b a poslanci v\u0161ech parlamentn\u00edch stran, kte\u0159\u00ed p\u0159ijali n\u00e1vrh vyplacen\u00ed jednor\u00e1zov\u00e9ho p\u0159\u00edsp\u011bvku v\u0161em d\u016fchodc\u016fm ve v\u00fd\u0161i 1 200 K\u010d.<\/p>\n<\/div>","protected":false},"author":1,"featured_media":600,"comment_status":"open","ping_status":"closed","sticky":false,"template":"","format":"standard","meta":{"footnotes":""},"categories":[1,9],"tags":[],"class_list":["post-23521","post","type-post","status-publish","format-standard","has-post-thumbnail","hentry","category-nezarazene","category-zpravy"],"_links":{"self":[{"href":"https:\/\/www.invarena.cz\/index.php?rest_route=\/wp\/v2\/posts\/23521","targetHints":{"allow":["GET"]}}],"collection":[{"href":"https:\/\/www.invarena.cz\/index.php?rest_route=\/wp\/v2\/posts"}],"about":[{"href":"https:\/\/www.invarena.cz\/index.php?rest_route=\/wp\/v2\/types\/post"}],"author":[{"embeddable":true,"href":"https:\/\/www.invarena.cz\/index.php?rest_route=\/wp\/v2\/users\/1"}],"replies":[{"embeddable":true,"href":"https:\/\/www.invarena.cz\/index.php?rest_route=%2Fwp%2Fv2%2Fcomments&post=23521"}],"version-history":[{"count":0,"href":"https:\/\/www.invarena.cz\/index.php?rest_route=\/wp\/v2\/posts\/23521\/revisions"}],"wp:featuredmedia":[{"embeddable":true,"href":"https:\/\/www.invarena.cz\/index.php?rest_route=\/wp\/v2\/media\/600"}],"wp:attachment":[{"href":"https:\/\/www.invarena.cz\/index.php?rest_route=%2Fwp%2Fv2%2Fmedia&parent=23521"}],"wp:term":[{"taxonomy":"category","embeddable":true,"href":"https:\/\/www.invarena.cz\/index.php?rest_route=%2Fwp%2Fv2%2Fcategories&post=23521"},{"taxonomy":"post_tag","embeddable":true,"href":"https:\/\/www.invarena.cz\/index.php?rest_route=%2Fwp%2Fv2%2Ftags&post=23521"}],"curies":[{"name":"wp","href":"https:\/\/api.w.org\/{rel}","templated":true}]}}