{"id":23526,"date":"2015-11-16T15:20:56","date_gmt":"2015-11-16T14:20:56","guid":{"rendered":"http:\/\/www.invarena.cz\/?p=23526"},"modified":"2015-11-16T15:20:56","modified_gmt":"2015-11-16T14:20:56","slug":"zlin-hostil-nejvetsi-mezinarodni-turnaj-pro-fotbalisty-s-mentalnim-postizenim","status":"publish","type":"post","link":"https:\/\/www.invarena.cz\/?p=23526","title":{"rendered":"Zl\u00edn hostil nejv\u011bt\u0161\u00ed mezin\u00e1rodn\u00ed turnaj pro fotbalisty s ment\u00e1ln\u00edm posti\u017een\u00edm"},"content":{"rendered":"<p><strong>Ve dnech 30. \u0159\u00edjna a\u017e 1. listopadu 2015 se ve Zl\u00edn\u011b uskute\u010dnil ji\u017e IX. ro\u010dn\u00edk mezin\u00e1rodn\u00edho turnaje ve sjednocen\u00e9 kopan\u00e9 \u2013 Zl\u00ednsk\u00fd poh\u00e1r 2015. Sout\u011b\u017e\u00edc\u00ed t\u00fdmy jsou slo\u017eeny ze sportovc\u016f s ment\u00e1ln\u00edm posti\u017een\u00edm, kter\u00e9 dopl\u0148uj\u00ed fotbalist\u00e9 bez handicapu.<\/strong> <!--more--><\/p>\n<p>Zl\u00edn \u2013 C\u00edlem akce, konan\u00e9 pod hlavi\u010dkou \u010cesk\u00e9ho hnut\u00ed speci\u00e1ln\u00edch olympi\u00e1d, je p\u0159isp\u011bt k integraci lid\u00ed s ment\u00e1ln\u00edm posti\u017een\u00edm do v\u011bt\u0161inov\u00e9 spole\u010dnosti. Jde o v\u016fbec nejv\u011bt\u0161\u00ed akci sv\u00e9ho druhu ve st\u0159edn\u00ed Evrop\u011b. Letos se do sportovn\u00edho z\u00e1polen\u00ed ve Zl\u00edn\u011b zapojilo rekordn\u00edch 13 t\u00fdm\u016f.<\/p>\n<p>V p\u00e1tek do\u0161lo nejprve k rozd\u011blen\u00ed t\u00fdm\u016f do v\u00fdkonnostn\u00edch skupin. Sportovn\u00ed komise p\u0159i\u0159adila k sob\u011b do jednotliv\u00fdch v\u00fdkonnostn\u00edch skupin t\u00fdmy tak, aby zohlednila jednotliv\u00e9 specifika r\u016fzn\u00e9 hloubky ment\u00e1ln\u00edho posti\u017een\u00ed. Toto je kl\u00ed\u010dem ka\u017ed\u00e9ho turnaje ve sjednocen\u00e9 kopan\u00e9, proto\u017eena z\u00e1klad\u011b tohoto rozhodnut\u00ed je pot\u00e9 mo\u017en\u00e9 odehr\u00e1t cel\u00fd dal\u0161\u00ed turnaj bez znev\u00fdhodn\u011bn\u00ed pro jednotliv\u00e9 sportovce.<\/p>\n<p>Sobota a ned\u011ble pot\u00e9 pat\u0159ila ji\u017e boj\u016fm v z\u00e1kladn\u00edch skupin\u00e1ch a tak\u00e9 z\u00e1pas\u016fm o medaile. V\u00edt\u011bzov\u00e9 jednotliv\u00fdch skupin jsou P\u00fachov, Ostrava a Kop\u0159ivnice. Na slavnostn\u00edm zakon\u010den\u00ed bylo p\u0159\u00edtomno i mno\u017estv\u00ed osobnost\u00ed sportovn\u00edho a spole\u010densk\u00e9ho \u017eivota. Velk\u00e1 fanynka t\u00e9to aktivity \u2013 poslankyn\u011b Evropsk\u00e9ho parlamentu Martina Dlabajov\u00e1 poblahop\u0159\u00e1la v\u00edt\u011bz\u016fm a vyj\u00e1d\u0159ila obdiv dobrovoln\u00edk\u016fm a po\u0159adatel\u016fm za cel\u00fd pr\u016fb\u011bh akce. Svoj\u00ed osobn\u00ed cenou tak\u00e9 vyznamenala t\u00fdm z Hav\u00ed\u0159ova, kter\u00fd hr\u00e1l nejv\u00edc soudr\u017en\u011b, jako kolektiv a navz\u00e1jem se podporoval. P\u0159\u00edtomen byl tak\u00e9 p\u0159edseda Krajsk\u00e9ho fotbalov\u00e9ho svazu pan Vlastimil Hrub\u010d\u00edk, kter\u00fd se obdivn\u011b vyjad\u0159oval o v\u00fdkonech a dovednostech jednotliv\u00fdch t\u00fdm\u016f. Pro fotbalisty sam\u00e9 bylo velk\u00fdm d\u00e1rkem tak\u00e9 osobn\u00ed setk\u00e1n\u00ed s fotbalov\u00fdm reprezentantem a nyn\u011bj\u0161\u00edm \u010dlenem managmentu FC Fastav Zl\u00edn panem Zdenkem Grygerou, kter\u00fd dekoroval v\u00edt\u011bze jednotliv\u00fdch kategori\u00ed.<\/p>\n<p>&#8222;M\u00e1me radost, \u017ee kvalita turnaje ka\u017ed\u00fdm rokem roste. Z\u00e1jem zahrani\u010dn\u00edch t\u00fdm\u016f n\u00e1s p\u0159esv\u011bd\u010duje o kvalitn\u00edm mezin\u00e1rodn\u00edm renom\u00e9 cel\u00e9 t\u00e9to aktivity. Nap\u0159\u00edklad p\u0159i nominaci ma\u010farsk\u00fdch t\u00fdmu se p\u0159ihl\u00e1silo celkov\u011b sedmn\u00e1ct na t\u0159i nomina\u010dn\u00ed m\u00edsta,&#8220; uvedl \u0159editel turnaje David B\u011bl\u016fnek. Leto\u0161n\u00ed ro\u010dn\u00edk Zl\u00ednsk\u00e9ho poh\u00e1ru byl sou\u010d\u00e1st\u00ed oslav 25. v\u00fdro\u010d\u00ed zalo\u017een\u00ed programu Speci\u00e1ln\u00edch olympi\u00e1d v \u010ceskoslovensku. Celou akci prov\u00e1zela v\u00fdstava o aktivit\u00e1ch, historii a zaj\u00edmav\u00fdch osobnostech podporuj\u00edc\u00edch my\u0161lenku sportu, jako integrace osob s ment\u00e1ln\u00edm posti\u017een\u00edm do spole\u010dnosti. Dal\u0161\u00ed \u010d\u00e1st\u00ed programu byl projekt Zdrav\u00fd atlet, kter\u00fd m\u00e1 celosv\u011btov\u00fd dosah a ve Zl\u00edn\u011b se zam\u011b\u0159il na rozvoj fyzick\u00e9 odolnosti, projekt prevence zdrav\u00e9 ch\u016fze a pohybu a na stomatologickou p\u00e9\u010di o sportovce. Do t\u00e9to \u010d\u00e1sti projektu se zapojil t\u00fdm patn\u00e1cti dobrovoln\u00edk\u016f z deseti st\u00e1t\u016f cel\u00e9ho sv\u011bta.<\/p>\n<p>Program Speci\u00e1ln\u00edch olympi\u00e1d pro ment\u00e1ln\u011b posti\u017een\u00e9 zalo\u017eila na sklonku 60. let minul\u00e9ho stolet\u00ed v USA Eunice Kennedyov\u00e1 \u2013 Shriverov\u00e1, sestra prezidenta Johna F. Kennedyho, a uvedla tak v \u017eivot my\u0161lenku sportov\u00e1n\u00ed jako prost\u0159edku rozvoje osobnosti a integrace lid\u00ed s ment\u00e1ln\u00edm posti\u017een\u00edm. V \u010cesk\u00e9 republice za\u010dalo hnut\u00ed p\u016fsobit v 90. letech minul\u00e9ho stolet\u00ed.<\/p>\n<p>V tuzemsku p\u016fsob\u00ed \u010cesk\u00e9 hnut\u00ed speci\u00e1ln\u00edch olympi\u00e1d (\u010cHSO), kter\u00e9 je ofici\u00e1ln\u00edm akreditovan\u00fdm n\u00e1rodn\u00edm programem Special Olympics. \u010cHSO v souladu s c\u00edli a pravidly SO organizuje akce Speci\u00e1ln\u00edch olympi\u00e1d v \u010cesk\u00e9 republice a zaji\u0161\u0165uje zapojen\u00ed \u010cR do mezin\u00e1rodn\u00edch program\u016f SO. \u010cHSO sdru\u017euje asi 150 sportovn\u00edch klub\u016f SO v cel\u00e9 \u010cR a do jeho programu pravideln\u00e9ho sportov\u00e1n\u00ed je v t\u011bchto klubech zapojeno p\u0159es 3000 sportovc\u016f s ment\u00e1ln\u00edm posti\u017een\u00edm.<\/p>\n<p>David B\u011bl\u016fnek<br \/>\nZl\u00ednsk\u00fd den\u00edk<br \/>\n<a href=\"http:\/\/www.zlinsky.denik.cz\/\">http:\/\/www.zlinsky.denik.cz\/<\/a><\/p>\n","protected":false},"excerpt":{"rendered":"<div class=\"mh-excerpt\"><p>Ve dnech 30. \u0159\u00edjna a\u017e 1. listopadu 2015 se ve Zl\u00edn\u011b uskute\u010dnil ji\u017e IX. ro\u010dn\u00edk mezin\u00e1rodn\u00edho turnaje ve sjednocen\u00e9 kopan\u00e9 \u2013 Zl\u00ednsk\u00fd poh\u00e1r 2015. Sout\u011b\u017e\u00edc\u00ed <a class=\"mh-excerpt-more\" href=\"https:\/\/www.invarena.cz\/?p=23526\" title=\"Zl\u00edn hostil nejv\u011bt\u0161\u00ed mezin\u00e1rodn\u00ed turnaj pro fotbalisty s ment\u00e1ln\u00edm posti\u017een\u00edm\">[&#8230;]<\/a><\/p>\n<\/div>","protected":false},"author":1,"featured_media":15337,"comment_status":"open","ping_status":"closed","sticky":false,"template":"","format":"standard","meta":{"footnotes":""},"categories":[9],"tags":[],"class_list":["post-23526","post","type-post","status-publish","format-standard","has-post-thumbnail","hentry","category-zpravy"],"_links":{"self":[{"href":"https:\/\/www.invarena.cz\/index.php?rest_route=\/wp\/v2\/posts\/23526","targetHints":{"allow":["GET"]}}],"collection":[{"href":"https:\/\/www.invarena.cz\/index.php?rest_route=\/wp\/v2\/posts"}],"about":[{"href":"https:\/\/www.invarena.cz\/index.php?rest_route=\/wp\/v2\/types\/post"}],"author":[{"embeddable":true,"href":"https:\/\/www.invarena.cz\/index.php?rest_route=\/wp\/v2\/users\/1"}],"replies":[{"embeddable":true,"href":"https:\/\/www.invarena.cz\/index.php?rest_route=%2Fwp%2Fv2%2Fcomments&post=23526"}],"version-history":[{"count":0,"href":"https:\/\/www.invarena.cz\/index.php?rest_route=\/wp\/v2\/posts\/23526\/revisions"}],"wp:featuredmedia":[{"embeddable":true,"href":"https:\/\/www.invarena.cz\/index.php?rest_route=\/wp\/v2\/media\/15337"}],"wp:attachment":[{"href":"https:\/\/www.invarena.cz\/index.php?rest_route=%2Fwp%2Fv2%2Fmedia&parent=23526"}],"wp:term":[{"taxonomy":"category","embeddable":true,"href":"https:\/\/www.invarena.cz\/index.php?rest_route=%2Fwp%2Fv2%2Fcategories&post=23526"},{"taxonomy":"post_tag","embeddable":true,"href":"https:\/\/www.invarena.cz\/index.php?rest_route=%2Fwp%2Fv2%2Ftags&post=23526"}],"curies":[{"name":"wp","href":"https:\/\/api.w.org\/{rel}","templated":true}]}}