{"id":23534,"date":"2015-11-17T22:54:19","date_gmt":"2015-11-17T21:54:19","guid":{"rendered":"http:\/\/www.invarena.cz\/?p=23534"},"modified":"2015-11-17T22:54:19","modified_gmt":"2015-11-17T21:54:19","slug":"merkelova-zada-soudrznou-spolecnost-k-te-patri-i-pece-o-bezence","status":"publish","type":"post","link":"https:\/\/www.invarena.cz\/?p=23534","title":{"rendered":"Merkelov\u00e1 \u017e\u00e1d\u00e1 soudr\u017enou spole\u010dnost, k t\u00e9 pat\u0159\u00ed i p\u00e9\u010de o b\u011b\u017eence"},"content":{"rendered":"<p><strong>Po \u00fatoc\u00edch v Pa\u0159\u00ed\u017ei je nutn\u00e9 d\u011blat v\u0161echno pro zachov\u00e1n\u00ed soudr\u017enosti spole\u010dnosti. Dnes to na tiskov\u00e9 konferenci prohl\u00e1sila n\u011bmeck\u00e1 kancl\u00e9\u0159ka Angela Merkelov\u00e1.<\/strong> <!--more--><\/p>\n<p>K zaji\u0161t\u011bn\u00ed takov\u00e9 soudr\u017enosti podle n\u00ed pom\u00e1haj\u00ed v\u0161ichni, kdo se sna\u017e\u00ed b\u011b\u017eenc\u016fm zajistit dobrou p\u00e9\u010di a usiluj\u00ed o jejich integraci v N\u011bmecku.<\/p>\n<div class=\"rows\">\n<div class=\"leftCol\">\n<div id=\"textNews\" class=\"text\">\n<p>&#8222;Pr\u00e1v\u011b v t\u011bchto \u010dasech jde o to, aby spole\u010dnost dr\u017eela pohromad\u011b,&#8220; \u0159ekla Merkelov\u00e1. P\u0159ipomn\u011bla, \u017ee b\u011b\u017eenci ut\u00edkaj\u00ed p\u0159ed stejn\u00fdm druhem n\u00e1sil\u00ed, jak\u00e9 se odehr\u00e1lo v Pa\u0159\u00ed\u017ei. &#8222;Proto d\u011bkuji v\u0161em, kte\u0159\u00ed se dobrovoln\u011b i pracovn\u011b anga\u017euj\u00ed v pomoci (uprchl\u00edk\u016fm). A samoz\u0159ejm\u011b tak\u00e9 p\u0159ist\u011bhovaleck\u00fdm spolk\u016fm, kter\u00e9 velmi p\u0159isp\u00edvaj\u00ed k tomu, \u017ee b\u011b\u017eenci, kte\u0159\u00ed k n\u00e1m p\u0159ich\u00e1zej\u00ed, maj\u00ed zaji\u0161t\u011bnou dobrou p\u00e9\u010di a mohou se d\u00edky nim vydat na cestu integrace,&#8220; uvedla.<\/p>\n<p>&#8222;Integrace znamen\u00e1, \u017ee lid\u00e9 dodr\u017euj\u00ed z\u00e1kony a pravidla zem\u011b, do n\u00ed\u017e p\u0159i\u0161li. Z\u00e1rove\u0148 mohou vyu\u017e\u00edvat \u0161ance, kter\u00e9 tato spole\u010dnost poskytuje. A tak\u00e9 to znamen\u00e1, \u017ee spole\u010dnost je p\u0159ipravena b\u00fdt tolerantn\u00ed a tak\u00e9 m\u00e1 z\u00e1jem na v\u011bt\u0161\u00ed pestrosti,&#8220; \u0159ekla kancl\u00e9\u0159ka. Podle n\u00ed naopak integrace b\u011b\u017eenc\u016f neznamen\u00e1, \u017ee by se lid\u00e9 m\u011bli zcela vzd\u00e1t sv\u00fdch kulturn\u00edch z\u00e1klad\u016f.<\/p>\n<p>Merkelov\u00e1 tak\u00e9 uvedla, \u017ee i b\u011b\u017eenci mus\u00ed m\u00edt v N\u011bmecku z\u00e1konem garantovan\u00fd p\u0159\u00edstup ke zdravotn\u00ed p\u00e9\u010di. Podle n\u00ed je v tomto ohledu d\u016fle\u017eit\u00e9, aby l\u00e9ka\u0159i byli citliv\u00ed ke kulturn\u00edm specifik\u016fm r\u016fzn\u00fdch skupin a aby nedoch\u00e1zelo ke zbyte\u010dn\u00fdm konflikt\u016fm. Kancl\u00e9\u0159ka tak\u00e9 podpo\u0159ila, aby se lid\u00e9 p\u0159ist\u011bhovaleck\u00e9ho p\u016fvodu vzd\u011bl\u00e1vali ve zdravotnick\u00fdch oborech, podle n\u00ed v\u0161ak nen\u00ed \u017e\u00e1douc\u00ed, aby se jednotliv\u00ed l\u00e9ka\u0159i starali pouze o etnicky vymezenou skupinu pacient\u016f.<\/p>\n<\/div>\n<\/div>\n<\/div>\n","protected":false},"excerpt":{"rendered":"<div class=\"mh-excerpt\"><p>Po \u00fatoc\u00edch v Pa\u0159\u00ed\u017ei je nutn\u00e9 d\u011blat v\u0161echno pro zachov\u00e1n\u00ed soudr\u017enosti spole\u010dnosti. Dnes to na tiskov\u00e9 konferenci prohl\u00e1sila n\u011bmeck\u00e1 kancl\u00e9\u0159ka Angela Merkelov\u00e1.<\/p>\n<\/div>","protected":false},"author":1,"featured_media":19408,"comment_status":"open","ping_status":"closed","sticky":false,"template":"","format":"standard","meta":{"footnotes":""},"categories":[7],"tags":[],"class_list":["post-23534","post","type-post","status-publish","format-standard","has-post-thumbnail","hentry","category-spolecnost"],"_links":{"self":[{"href":"https:\/\/www.invarena.cz\/index.php?rest_route=\/wp\/v2\/posts\/23534","targetHints":{"allow":["GET"]}}],"collection":[{"href":"https:\/\/www.invarena.cz\/index.php?rest_route=\/wp\/v2\/posts"}],"about":[{"href":"https:\/\/www.invarena.cz\/index.php?rest_route=\/wp\/v2\/types\/post"}],"author":[{"embeddable":true,"href":"https:\/\/www.invarena.cz\/index.php?rest_route=\/wp\/v2\/users\/1"}],"replies":[{"embeddable":true,"href":"https:\/\/www.invarena.cz\/index.php?rest_route=%2Fwp%2Fv2%2Fcomments&post=23534"}],"version-history":[{"count":0,"href":"https:\/\/www.invarena.cz\/index.php?rest_route=\/wp\/v2\/posts\/23534\/revisions"}],"wp:featuredmedia":[{"embeddable":true,"href":"https:\/\/www.invarena.cz\/index.php?rest_route=\/wp\/v2\/media\/19408"}],"wp:attachment":[{"href":"https:\/\/www.invarena.cz\/index.php?rest_route=%2Fwp%2Fv2%2Fmedia&parent=23534"}],"wp:term":[{"taxonomy":"category","embeddable":true,"href":"https:\/\/www.invarena.cz\/index.php?rest_route=%2Fwp%2Fv2%2Fcategories&post=23534"},{"taxonomy":"post_tag","embeddable":true,"href":"https:\/\/www.invarena.cz\/index.php?rest_route=%2Fwp%2Fv2%2Ftags&post=23534"}],"curies":[{"name":"wp","href":"https:\/\/api.w.org\/{rel}","templated":true}]}}