{"id":23536,"date":"2015-11-18T10:02:35","date_gmt":"2015-11-18T09:02:35","guid":{"rendered":"http:\/\/www.invarena.cz\/?p=23536"},"modified":"2015-11-18T10:02:35","modified_gmt":"2015-11-18T09:02:35","slug":"auta-pro-sagapo-i-harmonii","status":"publish","type":"post","link":"https:\/\/www.invarena.cz\/?p=23536","title":{"rendered":"Auta pro Sagapo i Harmonii"},"content":{"rendered":"<p><strong>Krajsk\u00e9 soci\u00e1ln\u00ed organizace p\u0159evzaly 16. listopadu kl\u00ed\u010de od automobil\u016f speci\u00e1ln\u011b upraven\u00fdch pro imobiln\u00ed klienty.<\/strong> <!--more--><\/p>\n<p>Krnov, Brunt\u00e1l \u2013 Mezi osmi organizacemi, kter\u00e9 se mohou radovat z nov\u00fdch automobil\u016f, je tak\u00e9 Sagapo z Brunt\u00e1lu a Harmonie z Krnova.<\/p>\n<p>Jejich pohybov\u011b posti\u017een\u00fdm klient\u016fm budou slou\u017eit dev\u00edtim\u00edstn\u00e9 vozy s n\u00e1jezdov\u00fdmi plo\u0161inami a s prodlou\u017een\u00fdm zadn\u00edm prostorem pro p\u0159epravu klient\u016f na invalidn\u00edch voz\u00ed\u010dc\u00edch. Vozidla ocen\u00ed nejen u\u017eivatel\u00e9, ale i person\u00e1l, proto\u017ee je zde dostatek m\u00edsta pro p\u0159\u00edstup, sedadla jsou snadno demontovateln\u00e1 a vozidla jsou vybavena madly.<\/p>\n<p>&#8222;D\u00edky speci\u00e1ln\u011b upraven\u00fdm automobil\u016fm se mohou m\u00e9n\u011b pohybliv\u00ed \u010di zcela nepohybliv\u00ed lid\u00e9 pohodln\u011b dopravit nejen k l\u00e9ka\u0159i, ale i na r\u016fzn\u00e9 kulturn\u00ed, spole\u010densk\u00e9 \u010di sportovn\u00ed akce. Mohou tak l\u00e9pe tr\u00e1vit sv\u016fj voln\u00fd \u010das, co\u017e p\u0159isp\u011bje k jejich du\u0161evn\u00ed pohod\u011b,&#8220; komentoval obm\u011bnu vozov\u00e9ho parku hejtman Moravskoslezsk\u00e9ho kraje Miroslav Nov\u00e1k.<\/p>\n<p>Brunt\u00e1lsk\u00fd a Krnovsk\u00fd den\u00edk<br \/>\n<a href=\"http:\/\/www.bruntalsky.denik.cz\/\">http:\/\/www.bruntalsky.denik.cz\/<\/a><\/p>\n","protected":false},"excerpt":{"rendered":"<div class=\"mh-excerpt\"><p>Krajsk\u00e9 soci\u00e1ln\u00ed organizace p\u0159evzaly 16. listopadu kl\u00ed\u010de od automobil\u016f speci\u00e1ln\u011b upraven\u00fdch pro imobiln\u00ed klienty.<\/p>\n<\/div>","protected":false},"author":1,"featured_media":1015,"comment_status":"open","ping_status":"closed","sticky":false,"template":"","format":"standard","meta":{"footnotes":""},"categories":[9],"tags":[],"class_list":["post-23536","post","type-post","status-publish","format-standard","has-post-thumbnail","hentry","category-zpravy"],"_links":{"self":[{"href":"https:\/\/www.invarena.cz\/index.php?rest_route=\/wp\/v2\/posts\/23536","targetHints":{"allow":["GET"]}}],"collection":[{"href":"https:\/\/www.invarena.cz\/index.php?rest_route=\/wp\/v2\/posts"}],"about":[{"href":"https:\/\/www.invarena.cz\/index.php?rest_route=\/wp\/v2\/types\/post"}],"author":[{"embeddable":true,"href":"https:\/\/www.invarena.cz\/index.php?rest_route=\/wp\/v2\/users\/1"}],"replies":[{"embeddable":true,"href":"https:\/\/www.invarena.cz\/index.php?rest_route=%2Fwp%2Fv2%2Fcomments&post=23536"}],"version-history":[{"count":0,"href":"https:\/\/www.invarena.cz\/index.php?rest_route=\/wp\/v2\/posts\/23536\/revisions"}],"wp:featuredmedia":[{"embeddable":true,"href":"https:\/\/www.invarena.cz\/index.php?rest_route=\/wp\/v2\/media\/1015"}],"wp:attachment":[{"href":"https:\/\/www.invarena.cz\/index.php?rest_route=%2Fwp%2Fv2%2Fmedia&parent=23536"}],"wp:term":[{"taxonomy":"category","embeddable":true,"href":"https:\/\/www.invarena.cz\/index.php?rest_route=%2Fwp%2Fv2%2Fcategories&post=23536"},{"taxonomy":"post_tag","embeddable":true,"href":"https:\/\/www.invarena.cz\/index.php?rest_route=%2Fwp%2Fv2%2Ftags&post=23536"}],"curies":[{"name":"wp","href":"https:\/\/api.w.org\/{rel}","templated":true}]}}