{"id":23540,"date":"2015-11-18T10:29:41","date_gmt":"2015-11-18T09:29:41","guid":{"rendered":"http:\/\/www.invarena.cz\/?p=23540"},"modified":"2015-11-18T10:29:41","modified_gmt":"2015-11-18T09:29:41","slug":"rozlouceni-se-sezonou-ziskalo-same-kladne-body","status":"publish","type":"post","link":"https:\/\/www.invarena.cz\/?p=23540","title":{"rendered":"Rozlou\u010den\u00ed se sezonou z\u00edskalo sam\u00e9 kladn\u00e9 body"},"content":{"rendered":"<p><strong>Pohled do zrcadla&#8230; Skl\u00e1d\u00e1n\u00ed \u00fa\u010dt\u016f&#8230; Term\u00edn pro ro\u010dn\u00ed z\u00fa\u010dtovan\u00ed dan\u00ed je sice je\u0161t\u011b daleko, ale jsou odv\u011btv\u00ed, kde se bilancuje na sklonku podzimu. K nim pat\u0159\u00ed rovn\u011b\u017e atletika. V Na\u0161em p\u0159\u00edpad\u011b atletika t\u011blesn\u011b posti\u017een\u00fdch sportovc\u016f.<\/strong><!--more--><\/p>\n<p>Pardubice \u2013 Jednou z posledn\u00edch mo\u017enost\u00ed leto\u0161n\u00ed atletick\u00e9 sez\u00f3ny zm\u011b\u0159it s\u00edly se soupe\u0159i a ofici\u00e1ln\u011b otestovat v\u00fdkonnost na z\u00e1vodech byla Podzimn\u00ed atletika spastik\u016f v B\u00edlin\u011b. Hv\u011bzdu Pardubice na severu \u010cech reprezentoval ku\u017eelk\u00e1\u0159 Martin Zach. A dok\u00e1zal, \u017ee i na sklonku sout\u011b\u017en\u00edho roku byl ve v\u00fdborn\u00e9 form\u011b. P\u0159edvedl dva nejlep\u0161\u00ed v\u00fdkony sv\u00e9 kr\u00e1tk\u00e9 atletick\u00e9 kari\u00e9ry. Ku\u017eelku poslal na vzd\u00e1lenost 22,95 m, co\u017e ho vyneslo na prvn\u00ed m\u00edsto.<\/p>\n<p>Posledn\u00ed kolo \u010cesk\u00e9ho poh\u00e1ru se konalo v Praze. Se\u0161lo se na n\u011bm t\u0159icet z\u00e1vodn\u00edk\u016f z cel\u00e9 \u010cesk\u00e9 republiky, aby vyu\u017eili posledn\u00ed p\u0159\u00edle\u017eitosti a zabojovali o p\u0159edn\u00ed p\u0159\u00ed\u010dky v tomto tradi\u010dn\u00edm seri\u00e1lu. V hlavn\u00edm m\u011bst\u011b startovalo tak\u00e9 sedm handicapovan\u00fdch atlet\u016f z Hv\u011bzdy SKP Pardubice. Nejv\u011bt\u0161\u00edm p\u0159ekvapen\u00edm bylo v\u00edt\u011bzstv\u00ed Michala Engeho v tomto kole. P\u0159ekonal i reprezentanty Va\u0148ka, B\u011ble\u0161e a Zvol\u00e1nka, kte\u0159\u00ed se chystali na MS do Kataru. Nicm\u00e9n\u011b ani toto v\u00edt\u011bzstv\u00ed nic nezm\u011bnilo na faktu, \u017ee v celkov\u00e9m po\u0159ad\u00ed zv\u00edt\u011bzil jeho odd\u00edlov\u00fd kolega- Jan Van\u011bk.<\/p>\n<p>V\u00fdsledky \u2013 mu\u017ei: 1. Michal Enge (F 51) ku\u017eelka \u2013 24,21 m (87 %), 3. Jan Van\u011bk (F 51) ku\u017eelka \u2013 23,36 m (84 %), 6. Martin Zach (F 51) ku\u017eelka \u2013 21,81 m(78 %), 7. Petr Veseck\u00fd (F 51) disk \u2013 8,27 m (65 %), ku\u017eelka \u2013 21,07 m (76 %), 12. Leo\u0161 Krou\u017eel (F 53) disk \u2013 9,03 m (34 %), o\u0161t\u011bp 8,39m(36 %).<\/p>\n<p>\u017deny: 8. Vendula P\u00edsa\u0159\u00edkov\u00e1 (F 32) koule \u2013 2,20m(32 %), ku\u017eelka \u2013 10,20m(43%)<\/p>\n<p>Mimo po\u0159ad\u00ed startoval Jaroslav Petrou\u0161, kter\u00fd v hodu diskem dos\u00e1hl 36,14m(77 %).<\/p>\n<p>Po\u0159adatel\u00e9 z pardubick\u00e9 Hv\u011bzdy p\u0159ipravili premi\u00e9rov\u00fd ro\u010dn\u00edk atletick\u00e9ho m\u00edtinku handicapovan\u00fdch. Nazvali ho stylov\u011b: Rozlou\u010den\u00ed se sezonou 2015. Do z\u00e1vodu se p\u0159ihl\u00e1sily na t\u0159i des\u00edtky handicapovan\u00fdch atlet\u016f a nemohli chyb\u011bt ani dom\u00e1c\u00ed z\u00e1stupci. Na tartan dukelsk\u00e9ho stadionu se jich dostavilo hned deset . A rozhod\u010d\u00ed nesta\u010dili m\u011b\u0159it rekordy. Padaly nejen osobn\u00ed, ale i \u010desk\u00e9. Dokonce byl p\u0159ekon\u00e1n jeden rekord sv\u011btov\u00fd!<\/p>\n<p>&#8222;Funkcion\u00e1\u0159i i atleti si jsou dob\u0159e v\u011bdomi toho, \u017ee p\u0159elom z\u00e1\u0159\u00ed a \u0159\u00edjna je doba, kdy je v\u011bt\u0161ina atlet\u016f t\u00e9m\u011b\u0159 ve vrcholn\u00e9 form\u011b sezony. Mnoho se jich p\u0159ipravuje na mistrovstv\u00ed sv\u011bta, Evropy, paralympi\u00e1du \u010di jin\u00e9 v\u00fdznamn\u00e9 akce. A tak je \u0161koda uzav\u0159\u00edt v\u0161e posledn\u00edm kolem \u010cesk\u00e9ho poh\u00e1ru. Zkr\u00e1tka nezkusit posunout metu ka\u017ed\u00e9ho ze sportovc\u016f je\u0161t\u011b o kousek d\u00e1l. Z tohoto d\u016fvodu vznikl i tento z\u00e1vod,&#8220; vysv\u011btluje pardubick\u00e1 tren\u00e9rka a hlavn\u00ed organiz\u00e1torka Eva Hrdinov\u00e1.<\/p>\n<p>Po\u010das\u00ed a zejm\u00e9na m\u00edrn\u00fd protiv\u00edtr nahr\u00e1val do karet ku\u017eelk\u00e1\u0159\u016fm. Sv\u011btov\u00fd rekord p\u0159edvedl pardubick\u00fd Martin Zvol\u00e1nek, kter\u00fd sice st\u00e1le startuje za Nov\u00e9 M\u011bsto nad Metuj\u00ed, ale nezm\u00ednit jeho neuv\u011b\u0159iteln\u00fd v\u00fdkon 27,72 m v hodu ku\u017eelkou (t\u00e9m\u011b\u0159 o metr lep\u0161\u00ed, ne\u017e je st\u00e1vaj\u00edc\u00ed sv\u011btov\u00fd rekord) by nebylo profesion\u00e1ln\u00ed. Zvol\u00e1nkovi sekundovali mu dom\u00e1c\u00ed ku\u017eelk\u00e1\u0159i . Jan Van\u011bk hodil tak\u00e9 sv\u011btov\u00fd v\u00fdkon. P\u0159esn\u011bji \u0159e\u010deno 25 metr\u016f.<\/p>\n<p>V z\u00e1vod\u011b padlo i p\u011bt \u010desk\u00fdch rekord\u016f, a to z rukou Martina Zvol\u00e1nka v hodu ku\u017eelkou, Franti\u0161ka Serbuse z Jedli\u010dkova \u00dastavu Praha v hodu diskem (16,32 m) a v hodu ku\u017eelkou (28,84 m). Mezi \u017eenami p\u0159ehodila o pouh\u00fd centimetr \u010desk\u00fd rekord Miroslava Obrov\u00e1 z Olomouce v\u00fdkonem 15,78 m. O dal\u0161\u00ed rekord v hodu diskem se postarala dom\u00e1c\u00ed Vendula P\u00edsa\u0159\u00edkov\u00e1 s v\u00fdkonem 5,91 m. Rozhodn\u011b je t\u0159eba zm\u00ednit i jedin\u00e9ho stoj\u00edc\u00edho vrha\u010de z\u00e1vodu. Jaroslav Petrou\u0161e dos\u00e1hl v disku v\u00fdkonu 37,31 m. Premi\u00e9ru v dresu Hv\u011bzdy si odbyli Petra K\u0159\u00ed\u017ekov\u00e1 a Petr Horsk\u00fd. A p\u0159edvedli, \u017ee s nimi mus\u00ed atletika TPS do budoucna po\u010d\u00edtat.<\/p>\n<p>&#8222;Prvn\u00ed ro\u010dn\u00edk atletick\u00e9ho m\u00edtinku RSS byl nad m\u00edru \u00fasp\u011b\u0161n\u00fd. My po\u0159adatel\u00e9 i z\u00e1vodn\u00edci se u\u017e te\u010f t\u011b\u0161\u00ed na dal\u0161\u00ed ro\u010dn\u00edk akce,&#8220; konstatovala pot\u011b\u0161en\u011b Eva Hrdinov\u00e1.<\/p>\n<p>V\u00fdsledky z\u00e1vodn\u00edk\u016f Hv\u011bzdy \u2013 mu\u017ei: 2. Jan Van\u011bk, F 51 \u2013 ku\u017eelka 24,58 m (876 bod\u016f), 4. Jaroslav Petrou\u0161,F42 \u2013 disk 37,31 m(773 b.), 6. Martin Zach, F 51 \u2013 ku\u017eelka 21,98 (733 b.), 7. Petr Veseck\u00fd,F51 \u2013 ku\u017eelka 19,66m (573 b.), disk 8,02 m (476 b.), 9. Jan N\u011bme\u010dek,F54 \u2013 o\u0161t\u011bp 18,10 m(454 b.), koule 6,95m(452 b.), 11. Luk\u00e1\u0161 \u0160t\u011bpj\u00e1k, F 57 \u2013 disk 22,55 m (175 b.), o\u0161t\u011bp 13,97 m (30 b.), 12. Petr Horsk\u00fd, F 54 \u2013 o\u0161t\u011bp 12,01m(100 b.), disk 12,47 m(75 b.), 13. Leo\u0161 Krou\u017eel, F 53 \u2013 disk 8,94 m (36 b.), o\u0161t\u011bp 7,72 m(35 bod\u016f).<br \/>\n\u017deny: 5. Vendula P\u00edsa\u0159\u00edkov\u00e1, F 32 \u2013 disk 5,91 m (146 b.), ku\u017eelka 10,19 m (83 b.), koule 3,04 m (70 b.), 6. Petra K\u0159\u00ed\u017ekov\u00e1, F 57 \u2013 o\u0161t\u011bp 9,83 m (126 b.), disk 9,26m(12 bod\u016f).<\/p>\n<p>Pardubick\u00fd den\u00edk<br \/>\n<a href=\"http:\/\/pardubicky.denik.cz\/\">http:\/\/pardubicky.denik.cz\/<\/a><\/p>\n","protected":false},"excerpt":{"rendered":"<div class=\"mh-excerpt\"><p>Pohled do zrcadla&#8230; Skl\u00e1d\u00e1n\u00ed \u00fa\u010dt\u016f&#8230; Term\u00edn pro ro\u010dn\u00ed z\u00fa\u010dtovan\u00ed dan\u00ed je sice je\u0161t\u011b daleko, ale jsou odv\u011btv\u00ed, kde se bilancuje na sklonku podzimu. K nim <a class=\"mh-excerpt-more\" href=\"https:\/\/www.invarena.cz\/?p=23540\" title=\"Rozlou\u010den\u00ed se sezonou z\u00edskalo sam\u00e9 kladn\u00e9 body\">[&#8230;]<\/a><\/p>\n<\/div>","protected":false},"author":1,"featured_media":7022,"comment_status":"open","ping_status":"closed","sticky":false,"template":"","format":"standard","meta":{"footnotes":""},"categories":[9],"tags":[],"class_list":["post-23540","post","type-post","status-publish","format-standard","has-post-thumbnail","hentry","category-zpravy"],"_links":{"self":[{"href":"https:\/\/www.invarena.cz\/index.php?rest_route=\/wp\/v2\/posts\/23540","targetHints":{"allow":["GET"]}}],"collection":[{"href":"https:\/\/www.invarena.cz\/index.php?rest_route=\/wp\/v2\/posts"}],"about":[{"href":"https:\/\/www.invarena.cz\/index.php?rest_route=\/wp\/v2\/types\/post"}],"author":[{"embeddable":true,"href":"https:\/\/www.invarena.cz\/index.php?rest_route=\/wp\/v2\/users\/1"}],"replies":[{"embeddable":true,"href":"https:\/\/www.invarena.cz\/index.php?rest_route=%2Fwp%2Fv2%2Fcomments&post=23540"}],"version-history":[{"count":0,"href":"https:\/\/www.invarena.cz\/index.php?rest_route=\/wp\/v2\/posts\/23540\/revisions"}],"wp:featuredmedia":[{"embeddable":true,"href":"https:\/\/www.invarena.cz\/index.php?rest_route=\/wp\/v2\/media\/7022"}],"wp:attachment":[{"href":"https:\/\/www.invarena.cz\/index.php?rest_route=%2Fwp%2Fv2%2Fmedia&parent=23540"}],"wp:term":[{"taxonomy":"category","embeddable":true,"href":"https:\/\/www.invarena.cz\/index.php?rest_route=%2Fwp%2Fv2%2Fcategories&post=23540"},{"taxonomy":"post_tag","embeddable":true,"href":"https:\/\/www.invarena.cz\/index.php?rest_route=%2Fwp%2Fv2%2Ftags&post=23540"}],"curies":[{"name":"wp","href":"https:\/\/api.w.org\/{rel}","templated":true}]}}