{"id":23558,"date":"2015-11-19T15:08:57","date_gmt":"2015-11-19T14:08:57","guid":{"rendered":"http:\/\/www.invarena.cz\/?p=23558"},"modified":"2015-11-19T15:08:57","modified_gmt":"2015-11-19T14:08:57","slug":"euroinstitut-vzdelavanim-proti-handicapu","status":"publish","type":"post","link":"https:\/\/www.invarena.cz\/?p=23558","title":{"rendered":"Euroinstitut: vzd\u011bl\u00e1v\u00e1n\u00edm proti handicapu"},"content":{"rendered":"<p><strong>St\u0159edn\u00ed \u0161kola Euroinstitut v Neprobylic\u00edch na Sl\u00e1nsku je praktick\u00e1 \u0161kola a odborn\u00e9 u\u010dili\u0161t\u011b, kterou nenav\u0161t\u011bvuj\u00ed b\u011b\u017en\u00ed \u0161kol\u00e1ci. Zdej\u0161\u00ed u\u010dni a \u017e\u00e1ci p\u0159ich\u00e1zej\u00ed z domov\u016f se zvl\u00e1\u0161tn\u00edm re\u017eimem a domov\u016f se zdravotn\u00edm posti\u017een\u00edm.<\/strong><!--more--><\/p>\n<p>Neprobylice \u2013 D\u0159\u00edve v\u011bt\u0161ina z nich byla zbavov\u00e1na \u0161koln\u00ed doch\u00e1zky, dnes je st\u0159edn\u00ed \u0161kola Euroinstitut p\u0159ipravuje na skute\u010dn\u00e9 povol\u00e1n\u00ed. Nau\u010d\u00ed se ukl\u00edzet, pr\u00e1t, \u017eehlit \u010di p\u0159ipravovat pokrmy, t\u0159eba pro kuchy\u0148ky v nemocnic\u00edch nebo \u00fastavech soci\u00e1ln\u00ed p\u00e9\u010de.<\/p>\n<p>&#8222;Zdravotn\u011b posti\u017een\u00fdm je poskytov\u00e1na zv\u00fd\u0161en\u00e1 ochrana na trhu pr\u00e1ce. Ta v\u0161ak nesta\u010d\u00ed, pokud by ment\u00e1ln\u011b posti\u017een\u00fd svou pr\u00e1ci neovl\u00e1dal. I pro pracovn\u00ed uplatn\u011bn\u00ed v jednoduch\u00fdch manu\u00e1ln\u00edch oborech, jako \u00faklid, pran\u00ed, \u017eehlen\u00ed \u010di opravy pr\u00e1dla pot\u0159ebuj\u00ed posti\u017een\u00ed vzd\u011bl\u00e1n\u00ed a odborn\u00fd v\u00fdcvik,&#8220; \u0159\u00edk\u00e1 z\u00e1stupce z\u0159izovatele \u0161koly, l\u00e9ka\u0159 Leo\u0161 St\u0159eda.<\/p>\n<p>\u0160kola nezanedb\u00e1v\u00e1 ani nejmodern\u011bj\u0161\u00ed techniku. Po\u010d\u00edta\u010dov\u00e9 u\u010debn\u00ed pom\u016fcky unik\u00e1tn\u011b vyvinula spole\u010dnost High Tech Park, kter\u00e1 je ve v\u00fdvoji asistivn\u00edch technologi\u00ed absolutn\u00ed jedni\u010dkou u n\u00e1s.<\/p>\n<p>&#8222;V\u00fdvoj program\u016f pro posti\u017een\u00e9 nepat\u0159\u00ed k nejlevn\u011bj\u0161\u00edm, i proto, \u017ee mus\u00ed b\u00fdt p\u0159\u00edsn\u011b individualizov\u00e1n. V\u00fdukov\u00fd tablet vyjde na n\u011bkolik des\u00edtek tis\u00edc, ale umo\u017en\u00ed zapojen\u00ed do vzd\u011bl\u00e1v\u00e1n\u00ed \u017e\u00e1k\u016fm, kte\u0159\u00ed byli od techniky odstrkov\u00e1ni. Pr\u00fd to bylo pro n\u011b p\u0159\u00edli\u0161 n\u00e1ro\u010dn\u00e9. A jak vid\u00edte, n\u00e1ro\u010dn\u00e9 to pro n\u011b nen\u00ed,&#8220; dodal Petr Pan\u00fdrek z High Tech Parku. Euroinstitut p\u0159ipravuje do pr\u00e1ce sv\u00e9 \u017e\u00e1ky podle individu\u00e1ln\u00edch vzd\u011bl\u00e1vac\u00edch pl\u00e1n\u016f. \u017d\u00e1ci tak maj\u00ed mo\u017enost se vzd\u011bl\u00e1vat i ve sv\u00e9m p\u0159irozen\u00e9m prost\u0159ed\u00ed, tedy p\u0159\u00edmo v \u00fastavech soci\u00e1ln\u00ed p\u00e9\u010de. D\u016fraz je kladen na praktickou v\u00fduku, aby se na skute\u010dn\u00fdch pracovi\u0161t\u00edch p\u0159ipravili na svou budouc\u00ed pr\u00e1ci. Pom\u00e1h\u00e1 nap\u0159\u00edklad Servis je\u0159\u00e1b\u016f ve Slan\u00e9m. V\u00fdpo\u010detn\u00ed technika je dnes v\u0161udyp\u0159\u00edtomn\u00e1, po\u010d\u00edta\u010de jsou v pr\u00e1deln\u00e1ch \u010di na kuchy\u0148k\u00e1ch. I logistiku \u00faklidov\u00fdch prac\u00ed \u0159\u00edd\u00ed u \u0159ady firem po\u010d\u00edta\u010d. A tablety se speci\u00e1ln\u00edm softwarem jsou d\u016fle\u017eit\u00fdm krokem, kter\u00fd pom\u016f\u017ee ment\u00e1ln\u011b posti\u017een\u00fdm vykro\u010dit do modern\u00edho sv\u011bta.<\/p>\n<p>Kladensk\u00fd den\u00edk<br \/>\n<a href=\"http:\/\/www.kladensky.denik.cz\/\">http:\/\/www.kladensky.denik.cz\/<\/a><\/p>\n","protected":false},"excerpt":{"rendered":"<div class=\"mh-excerpt\"><p>St\u0159edn\u00ed \u0161kola Euroinstitut v Neprobylic\u00edch na Sl\u00e1nsku je praktick\u00e1 \u0161kola a odborn\u00e9 u\u010dili\u0161t\u011b, kterou nenav\u0161t\u011bvuj\u00ed b\u011b\u017en\u00ed \u0161kol\u00e1ci. Zdej\u0161\u00ed u\u010dni a \u017e\u00e1ci p\u0159ich\u00e1zej\u00ed z domov\u016f se <a class=\"mh-excerpt-more\" href=\"https:\/\/www.invarena.cz\/?p=23558\" title=\"Euroinstitut: vzd\u011bl\u00e1v\u00e1n\u00edm proti handicapu\">[&#8230;]<\/a><\/p>\n<\/div>","protected":false},"author":1,"featured_media":14487,"comment_status":"open","ping_status":"closed","sticky":false,"template":"","format":"standard","meta":{"footnotes":""},"categories":[9],"tags":[],"class_list":["post-23558","post","type-post","status-publish","format-standard","has-post-thumbnail","hentry","category-zpravy"],"_links":{"self":[{"href":"https:\/\/www.invarena.cz\/index.php?rest_route=\/wp\/v2\/posts\/23558","targetHints":{"allow":["GET"]}}],"collection":[{"href":"https:\/\/www.invarena.cz\/index.php?rest_route=\/wp\/v2\/posts"}],"about":[{"href":"https:\/\/www.invarena.cz\/index.php?rest_route=\/wp\/v2\/types\/post"}],"author":[{"embeddable":true,"href":"https:\/\/www.invarena.cz\/index.php?rest_route=\/wp\/v2\/users\/1"}],"replies":[{"embeddable":true,"href":"https:\/\/www.invarena.cz\/index.php?rest_route=%2Fwp%2Fv2%2Fcomments&post=23558"}],"version-history":[{"count":0,"href":"https:\/\/www.invarena.cz\/index.php?rest_route=\/wp\/v2\/posts\/23558\/revisions"}],"wp:featuredmedia":[{"embeddable":true,"href":"https:\/\/www.invarena.cz\/index.php?rest_route=\/wp\/v2\/media\/14487"}],"wp:attachment":[{"href":"https:\/\/www.invarena.cz\/index.php?rest_route=%2Fwp%2Fv2%2Fmedia&parent=23558"}],"wp:term":[{"taxonomy":"category","embeddable":true,"href":"https:\/\/www.invarena.cz\/index.php?rest_route=%2Fwp%2Fv2%2Fcategories&post=23558"},{"taxonomy":"post_tag","embeddable":true,"href":"https:\/\/www.invarena.cz\/index.php?rest_route=%2Fwp%2Fv2%2Ftags&post=23558"}],"curies":[{"name":"wp","href":"https:\/\/api.w.org\/{rel}","templated":true}]}}