{"id":23581,"date":"2015-11-22T12:15:43","date_gmt":"2015-11-22T11:15:43","guid":{"rendered":"http:\/\/www.invarena.cz\/?p=23581"},"modified":"2015-11-22T12:40:30","modified_gmt":"2015-11-22T11:40:30","slug":"v-olomouci-se-zacnou-prodavat-vanocni-hvezdy-na-pomoc-detem-2","status":"publish","type":"post","link":"https:\/\/www.invarena.cz\/?p=23581","title":{"rendered":"V Olomouci se za\u010dnou prod\u00e1vat v\u00e1no\u010dn\u00ed hv\u011bzdy na pomoc d\u011btem"},"content":{"rendered":"<p><strong>Zhruba 30.000 kus\u016f tradi\u010dn\u00edch v\u00e1no\u010dn\u00edch kv\u011btin podpo\u0159\u00ed letos olomouckou ve\u0159ejnou sb\u00edrku na pomoc onkologicky nemocn\u00fdm d\u011btem.<\/strong><!--more--><\/p>\n<p>Symbol V\u00e1noc se za\u010dne prod\u00e1vat od t\u00e9to ned\u011ble, postupn\u011b se objev\u00ed v centru Olomouce i na periferii m\u011bsta v n\u00e1kupn\u00edch centrech. Kv\u011btiny, kter\u00e9 vyp\u011bstovali zdej\u0161\u00ed florist\u00e9, se objev\u00ed i v okoln\u00edch m\u011bstech. Sb\u00edrka m\u00e1 dlouholetou tradici, loni jej\u00ed v\u00fdt\u011b\u017eek \u010dinil 1,7 milionu korun.<\/p>\n<p>V\u00fdt\u011b\u017eek je ur\u010den pro mal\u00e9 pacienty hemato-onkologick\u00e9ho odd\u011blen\u00ed na d\u011btsk\u00e9 klinice Fakultn\u00ed nemocnice v Olomouci. &#8222;Pro leto\u0161n\u00ed rok m\u00e1me p\u0159ipraveno 30.000 kus\u016f v\u00e1no\u010dn\u00edch hv\u011bzd, kter\u00e9 jsou ur\u010deny k prodeji. Za\u010d\u00edn\u00e1me s jejich prodejem v ned\u011bli v hotelu Clarion na velk\u00e9 akci V\u00e1noce pat\u0159\u00ed d\u011btem,&#8220; \u0159ekla dnes \u010cTK Herta Mih\u00e1lov\u00e1 ze Sdru\u017een\u00ed \u0160ance, kter\u00e9 nemocn\u00e9 d\u011bti i jejich rodiny podporuje.<\/p>\n<p>V\u00e1no\u010dn\u00ed hv\u011bzdy budou v p\u0159\u00ed\u0161t\u00edch dnech k dost\u00e1n\u00ed nap\u0159\u00edklad v olomouck\u00e9 galerii Caesar, ale i v n\u00e1kupn\u00edch m\u011bstech, \u0159adu kv\u011btin si ka\u017edoro\u010dn\u011b objedn\u00e1vaj\u00ed tak\u00e9 podnikatel\u00e9 \u010di \u0161koly. &#8222;Kv\u011btiny v\u0161ak budou k dost\u00e1n\u00ed i v jin\u00fdch m\u011bstech, nap\u0159\u00edklad prvn\u00ed velk\u00e1 z\u00e1silka jela do Prahy,&#8220; doplnila Mih\u00e1lov\u00e1.<\/p>\n<p>Sb\u00edrka m\u00e1 dlouholetou tradici, mezi lidmi se setk\u00e1v\u00e1 s obrovskou solidaritu. Symbol V\u00e1noc se ve m\u011bst\u011b a v okol\u00ed prod\u00e1v\u00e1 ji\u017e 17 let. Loni v\u00fdt\u011b\u017eek \u010dinil 1,7 milionu korun, zhruba stejn\u011b se vybralo i v p\u0159edchoz\u00edm ro\u010dn\u00edku. Pen\u00edze putuj\u00ed na pomoc t\u011b\u017ece nemocn\u00fdm d\u011btem a jejich rodin\u00e1m. Zp\u0159\u00edjem\u0148uje jim nap\u0159\u00edklad prostory d\u011btsk\u00e9 onkologie, z pen\u011bz se hrad\u00ed tak\u00e9 rekondi\u010dn\u00ed pobyty pro mal\u00e9 pacienty po l\u00e9\u010db\u011b.<\/p>\n<p>Do sb\u00edrky se ka\u017edoro\u010dn\u011b zapojuje \u0159ada dobrovoln\u00edk\u016f. Jsou mezi nimi vyl\u00e9\u010den\u00e9 d\u011bti a jejich rodiny, ale i zdravotn\u00ed person\u00e1l, p\u0159\u00e1tel\u00e9 \u0160ance &#8211; sdru\u017een\u00ed rodi\u010d\u016f a p\u0159\u00e1tel hematologicky a onkologicky nemocn\u00fdch d\u011bt\u00ed, kter\u00e9 sb\u00edrku organizuje.<\/p>\n<\/div>\n<\/div>\n<\/div>\n<p><!--more--><\/p>\n","protected":false},"excerpt":{"rendered":"<div class=\"mh-excerpt\"><p>Zhruba 30.000 kus\u016f tradi\u010dn\u00edch v\u00e1no\u010dn\u00edch kv\u011btin podpo\u0159\u00ed letos olomouckou ve\u0159ejnou sb\u00edrku na pomoc onkologicky nemocn\u00fdm d\u011btem.<\/p>\n<\/div>","protected":false},"author":1,"featured_media":13465,"comment_status":"open","ping_status":"closed","sticky":false,"template":"","format":"standard","meta":{"footnotes":""},"categories":[7],"tags":[],"class_list":["post-23581","post","type-post","status-publish","format-standard","has-post-thumbnail","hentry","category-spolecnost"],"_links":{"self":[{"href":"https:\/\/www.invarena.cz\/index.php?rest_route=\/wp\/v2\/posts\/23581","targetHints":{"allow":["GET"]}}],"collection":[{"href":"https:\/\/www.invarena.cz\/index.php?rest_route=\/wp\/v2\/posts"}],"about":[{"href":"https:\/\/www.invarena.cz\/index.php?rest_route=\/wp\/v2\/types\/post"}],"author":[{"embeddable":true,"href":"https:\/\/www.invarena.cz\/index.php?rest_route=\/wp\/v2\/users\/1"}],"replies":[{"embeddable":true,"href":"https:\/\/www.invarena.cz\/index.php?rest_route=%2Fwp%2Fv2%2Fcomments&post=23581"}],"version-history":[{"count":0,"href":"https:\/\/www.invarena.cz\/index.php?rest_route=\/wp\/v2\/posts\/23581\/revisions"}],"wp:featuredmedia":[{"embeddable":true,"href":"https:\/\/www.invarena.cz\/index.php?rest_route=\/wp\/v2\/media\/13465"}],"wp:attachment":[{"href":"https:\/\/www.invarena.cz\/index.php?rest_route=%2Fwp%2Fv2%2Fmedia&parent=23581"}],"wp:term":[{"taxonomy":"category","embeddable":true,"href":"https:\/\/www.invarena.cz\/index.php?rest_route=%2Fwp%2Fv2%2Fcategories&post=23581"},{"taxonomy":"post_tag","embeddable":true,"href":"https:\/\/www.invarena.cz\/index.php?rest_route=%2Fwp%2Fv2%2Ftags&post=23581"}],"curies":[{"name":"wp","href":"https:\/\/api.w.org\/{rel}","templated":true}]}}