{"id":23614,"date":"2015-11-24T20:08:59","date_gmt":"2015-11-24T19:08:59","guid":{"rendered":"http:\/\/www.invarena.cz\/?p=23614"},"modified":"2015-11-24T20:08:59","modified_gmt":"2015-11-24T19:08:59","slug":"pokud-budou-cizinci-v-cesku-odsouzeni-prijdou-o-pobyt","status":"publish","type":"post","link":"https:\/\/www.invarena.cz\/?p=23614","title":{"rendered":"Pokud budou cizinci v \u010cesku odsouzeni, p\u0159ijdou o pobyt"},"content":{"rendered":"<p><strong>Pokud bude cizinec v \u010cesku odsouzen za \u00famysln\u00fd trestn\u00fd \u010din k v\u011bzen\u00ed del\u0161\u00edmu ne\u017e t\u0159i roky nebo bude odsouzen opakovan\u011b, tak p\u0159ijde o povolen\u00ed k pobytu.<\/strong><!--more--><\/p>\n<p> B\u011b\u017eenci propu\u0161t\u011bn\u00ed z deten\u010dn\u00edch za\u0159\u00edzen\u00ed budou dost\u00e1vat pen\u00edze na vycestov\u00e1n\u00ed. Po\u010d\u00edtaj\u00ed s t\u00edm novely azylov\u00e9ho z\u00e1kona a z\u00e1kona o cizinc\u00edch, kter\u00e9 dnes podepsal prezident Milo\u0161 Zeman.<\/p>\n<p>Novela po\u010d\u00edt\u00e1 nap\u0159\u00edklad s t\u00edm, \u017ee Spr\u00e1va uprchlick\u00fdch za\u0159\u00edzen\u00ed bude propu\u0161t\u011bn\u00fdm migrant\u016fm bez pen\u011bz d\u00e1vat 400 korun na j\u00edzdenku a j\u00eddlo. Vnitro tak\u00e9 bude moci poskytnout dotaci obc\u00edm, na jejich\u017e \u00fazem\u00ed se nach\u00e1zej\u00ed za\u0159\u00edzen\u00ed pro zaji\u0161t\u011bn\u00ed cizinc\u016f. Zat\u00edm m\u011bly na dotaci osm korun na osobu a den n\u00e1rok pouze obce s azylov\u00fdmi za\u0159\u00edzen\u00edmi.<\/p>\n<p>Novely z\u00e1kon\u016f tak\u00e9 slad\u00ed \u010desk\u00e9 azylov\u00e9 \u0159\u00edzen\u00ed s pr\u00e1vem EU. \u017dadatel\u00e9 budou muset mimo jin\u00e9 proj\u00edt zdravotn\u00ed prohl\u00eddkou, je-li to t\u0159eba pro ochranu ve\u0159ejn\u00e9ho zdrav\u00ed. Poji\u0161\u0165ovny maj\u00ed hradit preventivn\u00ed prohl\u00eddky d\u011bt\u00ed cizinc\u016f, kter\u00e9 se po vstupu do \u010ceska dostanou do d\u011btsk\u00fdch domov\u016f.<\/p>\n<p>Z\u00e1kony maj\u00ed tak\u00e9 umo\u017enit zajistit \u017eadatele o azyl v p\u0159\u00edpad\u011b d\u016fvodn\u00e9ho podez\u0159en\u00ed, \u017ee by p\u0159edstavoval riziko pro bezpe\u010dnost st\u00e1tu. D\u00e1v\u00e1 pr\u00e1vo odm\u00edtnout \u017eadatele i v p\u0159\u00edpad\u011b, pokud se v cizin\u011b dopustil &#8222;zvl\u00e1\u0161\u0165 krut\u00e9ho \u010dinu, i kdy\u017e byl \u00fadajn\u011b sp\u00e1ch\u00e1n s politick\u00fdm c\u00edlem&#8220;. \u017dadatel\u00e9 o azyl by podle novely mohli za\u010d\u00edt pracovat u\u017e p\u016fl roku pot\u00e9, co za\u010dalo jejich \u0159\u00edzen\u00ed. Dosud to byl rok, podle sm\u011brnice EU ale m\u016f\u017ee b\u00fdt lh\u016fta nejv\u00fd\u0161e dev\u011bt m\u011bs\u00edc\u016f.<\/p>\n<p>Novela z\u00e1kona se t\u00fdk\u00e1 tak\u00e9 zaji\u0161\u0165ov\u00e1n\u00ed cizinc\u016f v deten\u010dn\u00edch za\u0159\u00edzen\u00edch, proto\u017ee jasn\u011b definuje d\u016fvody, pro\u010d by m\u011bl b\u00fdt uprchl\u00edk um\u00edst\u011bn\u00fd v zaji\u0161\u0165ovac\u00edm za\u0159\u00edzen\u00ed. Dosud v z\u00e1kon\u011b toto ustanoven\u00ed chyb\u011blo, soudy p\u0159i projedn\u00e1v\u00e1n\u00ed n\u011bkter\u00fdch kauz upozornily na mezeru v z\u00e1kon\u011b a zru\u0161ily rozhodnut\u00ed o um\u00edst\u011bn\u00ed cizinc\u016f do uprchlick\u00e9ho centra. Nyn\u00ed u\u017e to nep\u016fjde.<\/p>\n","protected":false},"excerpt":{"rendered":"<div class=\"mh-excerpt\"><p>Pokud bude cizinec v \u010cesku odsouzen za \u00famysln\u00fd trestn\u00fd \u010din k v\u011bzen\u00ed del\u0161\u00edmu ne\u017e t\u0159i roky nebo bude odsouzen opakovan\u011b, tak p\u0159ijde o povolen\u00ed k <a class=\"mh-excerpt-more\" href=\"https:\/\/www.invarena.cz\/?p=23614\" title=\"Pokud budou cizinci v \u010cesku odsouzeni, p\u0159ijdou o pobyt\">[&#8230;]<\/a><\/p>\n<\/div>","protected":false},"author":1,"featured_media":0,"comment_status":"open","ping_status":"closed","sticky":false,"template":"","format":"standard","meta":{"footnotes":""},"categories":[9],"tags":[],"class_list":["post-23614","post","type-post","status-publish","format-standard","hentry","category-zpravy"],"_links":{"self":[{"href":"https:\/\/www.invarena.cz\/index.php?rest_route=\/wp\/v2\/posts\/23614","targetHints":{"allow":["GET"]}}],"collection":[{"href":"https:\/\/www.invarena.cz\/index.php?rest_route=\/wp\/v2\/posts"}],"about":[{"href":"https:\/\/www.invarena.cz\/index.php?rest_route=\/wp\/v2\/types\/post"}],"author":[{"embeddable":true,"href":"https:\/\/www.invarena.cz\/index.php?rest_route=\/wp\/v2\/users\/1"}],"replies":[{"embeddable":true,"href":"https:\/\/www.invarena.cz\/index.php?rest_route=%2Fwp%2Fv2%2Fcomments&post=23614"}],"version-history":[{"count":0,"href":"https:\/\/www.invarena.cz\/index.php?rest_route=\/wp\/v2\/posts\/23614\/revisions"}],"wp:attachment":[{"href":"https:\/\/www.invarena.cz\/index.php?rest_route=%2Fwp%2Fv2%2Fmedia&parent=23614"}],"wp:term":[{"taxonomy":"category","embeddable":true,"href":"https:\/\/www.invarena.cz\/index.php?rest_route=%2Fwp%2Fv2%2Fcategories&post=23614"},{"taxonomy":"post_tag","embeddable":true,"href":"https:\/\/www.invarena.cz\/index.php?rest_route=%2Fwp%2Fv2%2Ftags&post=23614"}],"curies":[{"name":"wp","href":"https:\/\/api.w.org\/{rel}","templated":true}]}}