{"id":23631,"date":"2015-12-24T22:14:51","date_gmt":"2015-12-24T21:14:51","guid":{"rendered":"http:\/\/www.invarena.cz\/?p=23631"},"modified":"2015-12-24T22:14:51","modified_gmt":"2015-12-24T21:14:51","slug":"audiokniha-pro-nevidome","status":"publish","type":"post","link":"https:\/\/www.invarena.cz\/?p=23631","title":{"rendered":"Audiokniha pro nevidom\u00e9"},"content":{"rendered":"<p><strong>V\u011bdeck\u00e1 knihovna v Ostrav\u011b spustila speci\u00e1ln\u00ed projekt. Sami zde za\u010dnou vyd\u00e1vat audioknihy pro nevidom\u00e9a slabozrak\u00e9. Anav\u00edc se zam\u011b\u0159\u00ed na region\u00e1ln\u00ed autory.<\/strong><!--more--><\/p>\n<p>ilustra\u010dn\u00ed foto:   photoXpress <\/p>\n<p>&#8222;Zcela nov\u00e1 slu\u017eba to nen\u00ed, audioknihovna pro nevidom\u00e9 ji\u017e u n\u00e1s funguje,&#8220; \u0159\u00edk\u00e1 Marcela Stehl\u00edkov\u00e1, mluv\u010d\u00ed Moravskoslezsk\u00e9 v\u011bdeck\u00e9 knihovny v Ostrav\u011b, a dod\u00e1v\u00e1, \u017ee speci\u00e1ln\u00ed audioknihy dosud pouze odeb\u00edrali. Nej\u010dast\u011bji z Knihovny a tisk\u00e1rny pro nevidom\u00e9 K. E. Macana. &#8222;Tentokr\u00e1te se ale poprv\u00e9 st\u00e1v\u00e1 na\u0161e knihovna vydavatelem speci\u00e1ln\u00ed audioknihy. Hlavn\u00edm z\u00e1m\u011brem bylo obohatit celost\u00e1tn\u00ed produkci o region\u00e1ln\u011b zam\u011b\u0159en\u00e9 tituly. Chceme tak propagovat region\u00e1ln\u00ed literaturu a zp\u0159\u00edstupnit ji i \u010dten\u00e1\u0159\u016fm se zrakov\u00fdm handicapem,&#8220; vysv\u011btlila Stehl\u00edkov\u00e1, co je na projektu nov\u00e9.<br \/>\nAudiokniha pro zrakov\u011b handicapovan\u00e9 m\u00e1 jednodu\u0161\u0161\u00ed zp\u016fsob prezentace \u2013 je \u010dtena pouze jednou osobou, bez hudby a dal\u0161\u00edch zvukov\u00fdch vsuvek, bez dialog\u016f. Autorsk\u00e1 pr\u00e1va v\u011bt\u0161inou auto\u0159i v\u011bnuj\u00ed bez n\u00e1rok\u016f na honor\u00e1\u0159, proto\u017ee jde o z\u00e1le\u017eitost neprodejnou a vytvo\u0159enou pouze pro knihovny a \u00fazkou skupinu u\u017eivatel\u016f.<br \/>\nK\u0159est prvn\u00ed audioknihy \u2013 D\u011bdictv\u00ed \u2013 spisovatelky Evy Tvrd\u00e9, kter\u00e1 l\u00ed\u010d\u00ed nelehk\u00e9 osudy hlu\u010d\u00ednsk\u00fdch \u017een na pozad\u00ed dramatick\u00fdch ud\u00e1lost\u00ed 30. let minul\u00e9ho stolet\u00ed, prob\u011bhne ji\u017e tento \u010dtvrtek v 17 hodin. P\u0159\u00edtomna bude tak\u00e9 sama autorka. &#8222;Knihu D\u011bdictv\u00ed jsme vybrali pr\u00e1v\u011b proto, \u017ee jej\u00ed obsah a zp\u016fsob vypr\u00e1v\u011bn\u00ed budou bl\u00edzk\u00e9 nejen lidem z na\u0161eho regionu. Na p\u0159\u00edb\u011bh budou myslet je\u0161t\u011b dlouho potom, co si audioknihu vyslechnou. Je to kniha o regionu a z\u00e1rove\u0148 ur\u010den\u00e1 \u0161irok\u00e9mu okruhu \u010dten\u00e1\u0159\u016f,&#8220; vysv\u011btlila Stehl\u00edkov\u00e1, pro\u010d zvolili jako premi\u00e9ru pr\u00e1v\u011b tento titul. Dal\u0161\u00ed audioknihu by r\u00e1di vydali v p\u0159\u00ed\u0161t\u00edm roce, v tuto chv\u00edli zde vyb\u00edraj\u00ed vhodn\u00fd titul.<br \/>\nSpeci\u00e1ln\u00ed audioknihy si v\u0161ak mohou vyp\u016fj\u010dit pouze lid\u00e9 se zrakov\u00fdm handicapem, kte\u0159\u00ed p\u0159i registraci p\u0159edlo\u017e\u00ed pr\u016fkaz ZTP, potvrzen\u00ed od o\u010dn\u00edho l\u00e9ka\u0159e \u010di organizace typu Tyflocentrum a Tyfloservis. Ve\u0161ker\u00e9 slu\u017eby jsou jim poskytov\u00e1ny zdarma. &#8222;Pro ostatn\u00ed u\u017eivatele m\u00e1me k dispozici rozs\u00e1hlou audiot\u00e9ku s v\u00edce ne\u017e 1200 tituly, vyd\u00e1van\u00fdmi komer\u010dn\u00edmi vydavateli,&#8220; vzk\u00e1zala Stehl\u00edkov\u00e1 t\u011bm, kdo maj\u00ed o poslech audioknih z\u00e1jem a nespl\u0148uj\u00ed podm\u00ednku zrakov\u00e9ho handicapu. V tomto p\u0159\u00edpad\u011b je jedin\u00fdm omezen\u00edm to, \u017ee knihovna m\u016f\u017ee CD p\u016fj\u010dovat a\u017e dev\u011bt m\u011bs\u00edc\u016f po jejich vyd\u00e1n\u00ed. Z\u00e1jemce si je sm\u00ed odn\u00e9st na dobu jednoho t\u00fddne, s mo\u017enost\u00ed t\u0159ikr\u00e1t si v\u00fdp\u016fj\u010dku prodlou\u017eit. Ov\u0161em pokud nen\u00ed na uveden\u00e9 CD ji\u017e rezervace jin\u00e9ho z\u00e1jemce.<\/p>\n<p>&#8212;<\/p>\n<p>Titul D\u011bdictv\u00ed autorky Evy Tvrd\u00e9, kter\u00e1 \u017eije a tvo\u0159\u00ed v \u0160ilhe\u0159ovic\u00edch, m\u00e1 ji\u017e za sebou t\u0159i ti\u0161t\u011bn\u00e1 vyd\u00e1n\u00ed a jeho t\u00e9ma otev\u00edr\u00e1 dramatick\u00e9 osudy \u017een z Hlu\u010d\u00ednska, konfrontovan\u00e9 s velk\u00fdmi d\u011bjinami, kter\u00e9 se odehr\u00e1vaj\u00ed od 30. let minul\u00e9ho stolet\u00ed a\u017e do po\u010d\u00e1tku stolet\u00ed sou\u010dasn\u00e9ho. \u017divotn\u00ed dr\u00e1hu hrdinek ovliv\u0148uje pohnut\u00e1 v\u00e1le\u010dn\u00e1 a pov\u00e1le\u010dn\u00e1 doba, n\u00e1rodnostn\u00ed p\u016fvod a l\u00e1ska. \u010cten\u00e1\u0159 m\u00e1 mo\u017enost podlehnout magii p\u0159\u00edb\u011bh\u016f a uv\u011bdomit si, \u017ee sou\u010d\u00e1st\u00ed d\u011bjin byla i nezn\u00e1m\u00e1 \u017eena modl\u00edc\u00ed se ve venkovsk\u00e9m kostele. Autorka poskytla knihovn\u011b autorsk\u00e1 pr\u00e1va pro tuto audioknihu bez n\u00e1roku na honor\u00e1\u0159.<\/p>\n<p>IVA MU\u0160\u00c1LKOV\u00c1<br \/>\nMoravskoslezsk\u00fd den\u00edk<br \/>\n<a href=\"http:\/\/www.moravskoslezsky.denik.cz\/\">http:\/\/www.moravskoslezsky.denik.cz\/<\/a><\/p>\n","protected":false},"excerpt":{"rendered":"<div class=\"mh-excerpt\"><p>V\u011bdeck\u00e1 knihovna v Ostrav\u011b spustila speci\u00e1ln\u00ed projekt. Sami zde za\u010dnou vyd\u00e1vat audioknihy pro nevidom\u00e9a slabozrak\u00e9. Anav\u00edc se zam\u011b\u0159\u00ed na region\u00e1ln\u00ed autory.<\/p>\n<\/div>","protected":false},"author":1,"featured_media":15637,"comment_status":"open","ping_status":"closed","sticky":false,"template":"","format":"standard","meta":{"footnotes":""},"categories":[7],"tags":[],"class_list":["post-23631","post","type-post","status-publish","format-standard","has-post-thumbnail","hentry","category-spolecnost"],"_links":{"self":[{"href":"https:\/\/www.invarena.cz\/index.php?rest_route=\/wp\/v2\/posts\/23631","targetHints":{"allow":["GET"]}}],"collection":[{"href":"https:\/\/www.invarena.cz\/index.php?rest_route=\/wp\/v2\/posts"}],"about":[{"href":"https:\/\/www.invarena.cz\/index.php?rest_route=\/wp\/v2\/types\/post"}],"author":[{"embeddable":true,"href":"https:\/\/www.invarena.cz\/index.php?rest_route=\/wp\/v2\/users\/1"}],"replies":[{"embeddable":true,"href":"https:\/\/www.invarena.cz\/index.php?rest_route=%2Fwp%2Fv2%2Fcomments&post=23631"}],"version-history":[{"count":0,"href":"https:\/\/www.invarena.cz\/index.php?rest_route=\/wp\/v2\/posts\/23631\/revisions"}],"wp:featuredmedia":[{"embeddable":true,"href":"https:\/\/www.invarena.cz\/index.php?rest_route=\/wp\/v2\/media\/15637"}],"wp:attachment":[{"href":"https:\/\/www.invarena.cz\/index.php?rest_route=%2Fwp%2Fv2%2Fmedia&parent=23631"}],"wp:term":[{"taxonomy":"category","embeddable":true,"href":"https:\/\/www.invarena.cz\/index.php?rest_route=%2Fwp%2Fv2%2Fcategories&post=23631"},{"taxonomy":"post_tag","embeddable":true,"href":"https:\/\/www.invarena.cz\/index.php?rest_route=%2Fwp%2Fv2%2Ftags&post=23631"}],"curies":[{"name":"wp","href":"https:\/\/api.w.org\/{rel}","templated":true}]}}