{"id":23634,"date":"2015-12-24T22:17:18","date_gmt":"2015-12-24T21:17:18","guid":{"rendered":"http:\/\/www.invarena.cz\/?p=23634"},"modified":"2015-12-24T22:17:18","modified_gmt":"2015-12-24T21:17:18","slug":"vozickari-maji-vic-moznosti-cestovat","status":"publish","type":"post","link":"https:\/\/www.invarena.cz\/?p=23634","title":{"rendered":"Voz\u00ed\u010dk\u00e1\u0159i maj\u00ed v\u00edc mo\u017enost\u00ed cestovat"},"content":{"rendered":"<p><strong>Bezbari\u00e9rov\u00e9 cestov\u00e1n\u00ed ve vlac\u00edch trh\u00e1 rekordy.<\/strong><!--more--><\/p>\n<p>Nejv\u00edce vlak\u016f bez bari\u00e9r v historii \u017eelezni\u010dn\u00ed dopravy v \u010cesku se v p\u0159\u00ed\u0161t\u00edm roce vyd\u00e1 na trasy \u010cesk\u00fdch drah. K zaji\u0161t\u011bn\u00ed p\u0159epravy cestuj\u00edc\u00edch na voz\u00edku bude slou\u017eit v\u00edce ne\u017e 600 bezbari\u00e9rov\u00fdch voz\u016f.<br \/>\nLid\u00e9 na voz\u00edku toti\u017e vyu\u017e\u00edvaj\u00ed vlaky \u010d\u00edm d\u00e1l \u010dast\u011bji. Dokazuj\u00ed to i \u010d\u00edsla dopravc\u016f. &#8222;Registrovan\u00ed voz\u00ed\u010dk\u00e1\u0159i letos p\u0159ekonali ve\u0161ker\u00e9 dosavadn\u00ed rekordy v cestov\u00e1n\u00ed na \u017eeleznici. V l\u00e9t\u011b denn\u011b b\u011b\u017en\u011b cestovalo vlakem dokonce tolik voz\u00ed\u010dk\u00e1\u0159\u016f jako na po\u010d\u00e1tku devades\u00e1t\u00fdch let za cel\u00fd rok,&#8220; \u0159\u00edk\u00e1 p\u0159edseda p\u0159edstavenstva \u010cesk\u00fdch drah Pavel Krtek. A dopl\u0148uje: &#8222;Chceme cestov\u00e1n\u00ed maxim\u00e1ln\u011b uleh\u010dit. Pro osoby se zdravotn\u00edm posti\u017een\u00edm tak zlep\u0161ujeme servis.&#8220;<br \/>\nDal\u0161\u00ed \u017eelezni\u010dn\u00ed dopravce provozuj\u00edc\u00ed osobn\u00ed d\u00e1lkovou dopravu v \u010cesku, spole\u010dnost Leo Express, bezbari\u00e9rov\u011b jezd\u00ed b\u011b\u017en\u011b. M\u00e1 v\u0161echny soupravy n\u00edzkopodla\u017en\u00ed a vybaven\u00e9 v\u00fdsuvnou n\u00e1stupn\u00ed plo\u0161inou. Konkuren\u010dn\u00ed firma RegioJet sice n\u00edzkopodla\u017en\u00edmi vagony nedisponuje, v ka\u017ed\u00e9 souprav\u011b je ale za\u0159azen\u00fd v\u016fz se zdvihac\u00ed plo\u0161inou pro n\u00e1stup voz\u00ed\u010dk\u00e1\u0159\u016f. Pr\u00e1v\u011b RegioJet se v minulosti dostal do sporu s \u010cesk\u00fdmi drahami, kdy\u017e jim odm\u00edtl za p\u016fj\u010dov\u00e1n\u00ed speci\u00e1ln\u00edch plo\u0161in platit vysok\u00e9 poplatky.<\/p>\n<p>&#8212;<\/p>\n<p>Bezbari\u00e9rov\u00e9 novinky Od prosince \u010cesk\u00e9 dr\u00e1hy (\u010cD) zavedou na lince R13 z Brna do Olomouce nov\u00e9 n\u00edzkopodla\u017en\u00ed soupravy InterPanter. * B\u011bhem jara \u010cD nasad\u00ed tyto jednotky tak\u00e9 na linku R19 z Prahy do Brna. * Tyto rychl\u00edky obslou\u017e\u00ed i men\u0161\u00ed m\u011bsta, jako jsou P\u0159elou\u010d, Choce\u0148, \u00dast\u00ed nad Orlic\u00ed, Svitavy, Letovice nebo Blansko. Bezbari\u00e9rov\u00e9 rychl\u00edky tak bude m\u00edt ve sv\u00fdch m\u011bstech zcela nov\u011b asi 80 tis\u00edc obyvatel.<\/p>\n<p>Cestuj\u00edc\u00ed na voz\u00edku 4656 Pr\u00e1v\u011b tolik handicapovan\u00fdch cestuj\u00edc\u00edch letos vyu\u017eilo elektronick\u00fd syst\u00e9m objedn\u00e1vky p\u0159epravy. V roce 2010 tento syst\u00e9m vyu\u017eilo 2562 lid\u00ed.<\/p>\n<p>Metro<\/p>\n","protected":false},"excerpt":{"rendered":"<div class=\"mh-excerpt\"><p>Bezbari\u00e9rov\u00e9 cestov\u00e1n\u00ed ve vlac\u00edch trh\u00e1 rekordy.<\/p>\n<\/div>","protected":false},"author":1,"featured_media":12141,"comment_status":"open","ping_status":"closed","sticky":false,"template":"","format":"standard","meta":{"footnotes":""},"categories":[17],"tags":[],"class_list":["post-23634","post","type-post","status-publish","format-standard","has-post-thumbnail","hentry","category-kultura"],"_links":{"self":[{"href":"https:\/\/www.invarena.cz\/index.php?rest_route=\/wp\/v2\/posts\/23634","targetHints":{"allow":["GET"]}}],"collection":[{"href":"https:\/\/www.invarena.cz\/index.php?rest_route=\/wp\/v2\/posts"}],"about":[{"href":"https:\/\/www.invarena.cz\/index.php?rest_route=\/wp\/v2\/types\/post"}],"author":[{"embeddable":true,"href":"https:\/\/www.invarena.cz\/index.php?rest_route=\/wp\/v2\/users\/1"}],"replies":[{"embeddable":true,"href":"https:\/\/www.invarena.cz\/index.php?rest_route=%2Fwp%2Fv2%2Fcomments&post=23634"}],"version-history":[{"count":0,"href":"https:\/\/www.invarena.cz\/index.php?rest_route=\/wp\/v2\/posts\/23634\/revisions"}],"wp:featuredmedia":[{"embeddable":true,"href":"https:\/\/www.invarena.cz\/index.php?rest_route=\/wp\/v2\/media\/12141"}],"wp:attachment":[{"href":"https:\/\/www.invarena.cz\/index.php?rest_route=%2Fwp%2Fv2%2Fmedia&parent=23634"}],"wp:term":[{"taxonomy":"category","embeddable":true,"href":"https:\/\/www.invarena.cz\/index.php?rest_route=%2Fwp%2Fv2%2Fcategories&post=23634"},{"taxonomy":"post_tag","embeddable":true,"href":"https:\/\/www.invarena.cz\/index.php?rest_route=%2Fwp%2Fv2%2Ftags&post=23634"}],"curies":[{"name":"wp","href":"https:\/\/api.w.org\/{rel}","templated":true}]}}